{"id":1233,"date":"2016-06-09T20:11:10","date_gmt":"2016-06-09T20:11:10","guid":{"rendered":"http:\/\/ppeees.ufms.br\/?p=1233"},"modified":"2023-04-14T12:29:55","modified_gmt":"2023-04-14T12:29:55","slug":"decada-1930","status":"publish","type":"post","link":"https:\/\/ppeees-cpan.ufms.br\/?p=1233","title":{"rendered":"D\u00e9cada 1930"},"content":{"rendered":"<p>ALVES. <strong>Os testes e a reorganiza\u00e7\u00e3o escolar<\/strong>. 1930. <span style=\"color: #333333; font-family: 'Georgia','serif';\"><span style=\"font-size: medium;\">P\u00e1ginas: <strong><a href=\"http:\/\/ppeees-cpan.ufms.br\/wp-content\/uploads\/2016\/06\/ALVES.-Os-testes-e-a-reorganiza\u00e7\u00e3o-escolar.pdf\" target=\"_blank\" rel=\"noopener\">1<\/a>, <a href=\"http:\/\/ppeees-cpan.ufms.br\/wp-content\/uploads\/2016\/06\/ALVES.-Os-testes-e-a-reorganiza\u00e7\u00e3o-escolar-2.pdf\" target=\"_blank\" rel=\"noopener\">2<\/a>, <a href=\"http:\/\/ppeees-cpan.ufms.br\/wp-content\/uploads\/2016\/06\/ALVES.-Os-testes-e-a-reorganiza\u00e7\u00e3o-escolar-3.pdf\" target=\"_blank\" rel=\"noopener\">3<\/a>, <a href=\"http:\/\/ppeees-cpan.ufms.br\/wp-content\/uploads\/2016\/06\/ALVES.-Os-testes-e-a-reorganiza\u00e7\u00e3o-escolar-4.pdf\" target=\"_blank\" rel=\"noopener\">4<\/a>, <a href=\"http:\/\/ppeees-cpan.ufms.br\/wp-content\/uploads\/2016\/06\/ALVES.-Os-testes-e-a-reorganiza\u00e7\u00e3o-escolar-5.pdf\" target=\"_blank\" rel=\"noopener\">5<\/a>, <a href=\"http:\/\/ppeees-cpan.ufms.br\/wp-content\/uploads\/2016\/06\/ALVES.-Os-testes-e-a-reorganiza\u00e7\u00e3o-escolar-6.pdf\" target=\"_blank\" rel=\"noopener\">6<\/a>, <a href=\"http:\/\/ppeees-cpan.ufms.br\/wp-content\/uploads\/2016\/06\/ALVES.-Os-testes-e-a-reorganiza\u00e7\u00e3o-escolar-7.pdf\" target=\"_blank\" rel=\"noopener\">7<\/a>, <a href=\"http:\/\/ppeees-cpan.ufms.br\/wp-content\/uploads\/2016\/06\/ALVES.-Os-testes-e-a-reorganiza\u00e7\u00e3o-escolar-8.pdf\" target=\"_blank\" rel=\"noopener\">8<\/a>, <a href=\"http:\/\/ppeees-cpan.ufms.br\/wp-content\/uploads\/2016\/06\/ALVES.-Os-testes-e-a-reorganiza\u00e7\u00e3o-escolar-9.pdf\" target=\"_blank\" rel=\"noopener\">9<\/a>, <a href=\"http:\/\/ppeees-cpan.ufms.br\/wp-content\/uploads\/2016\/06\/ALVES.-Os-testes-e-a-reorganiza\u00e7\u00e3o-escolar-10.pdf\" target=\"_blank\" rel=\"noopener\">10<\/a>, <a href=\"http:\/\/ppeees-cpan.ufms.br\/wp-content\/uploads\/2016\/06\/ALVES.-Os-testes-e-a-reorganiza\u00e7\u00e3o-escolar-11.pdf\" target=\"_blank\" rel=\"noopener\">11<\/a><\/strong>.<\/span><\/span><\/p>\n<p>REVISTA DE EDUCA\u00c7\u00c3O. <a href=\"http:\/\/ppeees-cpan.ufms.br\/wp-content\/uploads\/2016\/06\/REVISTA-DE-EDUCA\u00c7\u00c3O_-O-problema-dos-cegos-no-Brasil-1938-1.pdf\" target=\"_blank\" rel=\"noopener\"><strong>O problema dos cegos no Brasil<\/strong><\/a>. 1938.<\/p>\n<p><strong>DECRETO n\u00b0 5889<\/strong>, de 1933. P\u00e1ginas: <strong><a href=\"http:\/\/ppeees-cpan.ufms.br\/wp-content\/uploads\/2016\/06\/DECRETO-5889-1933-Da-Educa\u00e7\u00e3o-Especializada-1.pdf\" target=\"_blank\" rel=\"noopener\">1<\/a>, <a href=\"http:\/\/ppeees-cpan.ufms.br\/wp-content\/uploads\/2016\/06\/DECRETO-5889-1933-Da-Educa\u00e7\u00e3o-Especializada-2.pdf\" target=\"_blank\" rel=\"noopener\">2<\/a><\/strong>.<\/p>\n<p><a href=\"http:\/\/ppeees-cpan.ufms.br\/wp-content\/uploads\/2016\/06\/PINTO.-Os-Anormais_-Estudo-psico-patologico-para-uma-classifica\u00e7\u00e3o.jpg\" target=\"_blank\" rel=\"noopener\"><strong>Enciclop\u00e9dia Brasileira de Educa\u00e7\u00e3o<\/strong><\/a>. 1932, n. 3.<\/p>\n<p>RELAT\u00d3RIO DA REUNI\u00c3O REALIZADA NO LABORAT\u00d3RIO DE PSICOLOGIA DA ESCOLA DE APERFEI\u00c7OAMENTO EM 7-12-1931. <strong>Relat\u00f3rio &#8211; Laborat\u00f3rio de Psicologia<\/strong>. (O documento pode ser consultado presencialmente).<\/p>\n<p>REVISTA DE EDUCA\u00c7\u00c3O. ESCOBAR.\u00a0<strong>Hist\u00f3rico da Instru\u00e7\u00e3o P\u00fablica Paulista<\/strong>. 1933. P\u00e1ginas: <strong><a href=\"http:\/\/ppeees-cpan.ufms.br\/wp-content\/uploads\/2016\/06\/ESCOBAR.-Hist\u00f3rico-da-Instru\u00e7\u00e3o-P\u00fablica-Paulista-1933-1.pdf\" target=\"_blank\" rel=\"noopener\">1<\/a>, <a href=\"http:\/\/ppeees-cpan.ufms.br\/wp-content\/uploads\/2016\/06\/ESCOBAR.-Hist\u00f3rico-da-Instru\u00e7\u00e3o-P\u00fablica-Paulista-1933-2.pdf\" target=\"_blank\" rel=\"noopener\">2<\/a>, <a href=\"http:\/\/ppeees-cpan.ufms.br\/wp-content\/uploads\/2016\/06\/ESCOBAR.-Hist\u00f3rico-da-Instru\u00e7\u00e3o-P\u00fablica-Paulista-1933-3.pdf\" target=\"_blank\" rel=\"noopener\">3<\/a><\/strong>.<\/p>\n<p>REVISTA DE EDUCA\u00c7\u00c3O. <strong>Os problemas da maturidade para a leitura e a escrita<\/strong>. 1933. P\u00e1ginas: <strong><a href=\"http:\/\/ppeees-cpan.ufms.br\/wp-content\/uploads\/2016\/06\/FILHO.-O-problema-da-maturidade-para-a-leitura-e-a-escrita-1933-1.pdf\" target=\"_blank\" rel=\"noopener\">1<\/a>, <a href=\"http:\/\/ppeees-cpan.ufms.br\/wp-content\/uploads\/2016\/06\/FILHO.-O-problema-da-maturidade-para-a-leitura-e-a-escrita-1933-2.pdf\" target=\"_blank\" rel=\"noopener\">2<\/a>, <a href=\"http:\/\/ppeees-cpan.ufms.br\/wp-content\/uploads\/2016\/06\/FILHO.-O-problema-da-maturidade-para-a-leitura-e-a-escrita-1933-3.pdf\" target=\"_blank\" rel=\"noopener\">3<\/a>, <a href=\"http:\/\/ppeees-cpan.ufms.br\/wp-content\/uploads\/2016\/06\/FILHO.-O-problema-da-maturidade-para-a-leitura-e-a-escrita-1933-4.pdf\" target=\"_blank\" rel=\"noopener\">4<\/a>, <a href=\"http:\/\/ppeees-cpan.ufms.br\/wp-content\/uploads\/2016\/06\/FILHO.-O-problema-da-maturidade-para-a-leitura-e-a-escrita-1933-5.pdf\" target=\"_blank\" rel=\"noopener\">5<\/a>, <a href=\"http:\/\/ppeees-cpan.ufms.br\/wp-content\/uploads\/2016\/06\/FILHO.-O-problema-da-maturidade-para-a-leitura-e-a-escrita-1933-6.pdf\" target=\"_blank\" rel=\"noopener\">6<\/a><\/strong>.<\/p>\n<p>REVISTA DE EDUCA\u00c7\u00c3O. 1935. n. 3. PINTO.<strong> O Ensino dos anormais<\/strong>. P\u00e1ginas: <strong><a href=\"http:\/\/ppeees-cpan.ufms.br\/wp-content\/uploads\/2016\/06\/PINTO.-O-Ensino-dos-anormais.jpg\" target=\"_blank\" rel=\"noopener\">1<\/a>, <a href=\"http:\/\/ppeees-cpan.ufms.br\/wp-content\/uploads\/2016\/06\/PINTO.-O-Ensino-dos-anormais-2.jpg\" target=\"_blank\" rel=\"noopener\">2<\/a><\/strong>.<\/p>\n<p>REVISTA DE EDUCA\u00c7\u00c3O. 1935. Vol XI-XII.\u00a0PINTO. <a href=\"http:\/\/ppeees-cpan.ufms.br\/wp-content\/uploads\/2016\/06\/PINTO.-A-educa\u00e7\u00e3o-dos-anormaes-e-dos-debeis-mentaes.jpg\" target=\"_blank\" rel=\"noopener\"><strong>A educa\u00e7\u00e3o dos anormaes e dos debeis mentaes<\/strong><\/a>.<\/p>\n<p>REVISTA DE EDUCA\u00c7\u00c3O. NOEMI M. SILVEIRA. 1933. P\u00e1ginas: <strong><a href=\"http:\/\/ppeees-cpan.ufms.br\/wp-content\/uploads\/2016\/06\/NOEMI-M.-SILVEIRA.-Servi\u00e7o-de-psicologia-aplicada-1.pdf\" target=\"_blank\" rel=\"noopener\">1<\/a>, <a href=\"http:\/\/ppeees-cpan.ufms.br\/wp-content\/uploads\/2016\/06\/NOEMI-M.-SILVEIRA.-Servi\u00e7o-de-psicologia-aplicada-2.pdf\" target=\"_blank\" rel=\"noopener\">2<\/a>, <a href=\"http:\/\/ppeees-cpan.ufms.br\/wp-content\/uploads\/2016\/06\/NOEMI-M.-SILVEIRA.-Servi\u00e7o-de-psicologia-aplicada-3.pdf\" target=\"_blank\" rel=\"noopener\">3<\/a>, <a href=\"http:\/\/ppeees-cpan.ufms.br\/wp-content\/uploads\/2016\/06\/NOEMI-M.-SILVEIRA.-Servi\u00e7o-de-psicologia-aplicada-4.pdf\" target=\"_blank\" rel=\"noopener\">4<\/a>, <a href=\"http:\/\/ppeees-cpan.ufms.br\/wp-content\/uploads\/2016\/06\/NOEMI-M.-SILVEIRA.-Servi\u00e7o-de-psicologia-aplicada-5.pdf\" target=\"_blank\" rel=\"noopener\">5<\/a>, <a href=\"http:\/\/ppeees-cpan.ufms.br\/wp-content\/uploads\/2016\/06\/NOEMI-M.-SILVEIRA.-Servi\u00e7o-de-psicologia-aplicada-6.pdf\" target=\"_blank\" rel=\"noopener\">6<\/a>, <a href=\"http:\/\/ppeees-cpan.ufms.br\/wp-content\/uploads\/2016\/06\/NOEMI-M.-SILVEIRA.-Servi\u00e7o-de-psicologia-aplicada-7.pdf\" target=\"_blank\" rel=\"noopener\">7<\/a>, <a href=\"http:\/\/ppeees-cpan.ufms.br\/wp-content\/uploads\/2016\/06\/NOEMI-M.-SILVEIRA.-Servi\u00e7o-de-psicologia-aplicada-8.pdf\" target=\"_blank\" rel=\"noopener\">8<\/a>, <a href=\"http:\/\/ppeees-cpan.ufms.br\/wp-content\/uploads\/2016\/06\/NOEMI-M.-SILVEIRA.-Servi\u00e7o-de-psicologia-aplicada-9.pdf\" target=\"_blank\" rel=\"noopener\">9<\/a>, <a href=\"http:\/\/ppeees-cpan.ufms.br\/wp-content\/uploads\/2016\/06\/NOEMI-M.-SILVEIRA.-Servi\u00e7o-de-psicologia-aplicada-10.pdf\" target=\"_blank\" rel=\"noopener\">10<\/a>, <a href=\"http:\/\/ppeees-cpan.ufms.br\/wp-content\/uploads\/2016\/06\/NOEMI-M.-SILVEIRA.-Servi\u00e7o-de-psicologia-aplicada-11.pdf\" target=\"_blank\" rel=\"noopener\">11<\/a>, <a href=\"http:\/\/ppeees-cpan.ufms.br\/wp-content\/uploads\/2016\/06\/NOEMI-M.-SILVEIRA.-Servi\u00e7o-de-psicologia-aplicada-12.pdf\" target=\"_blank\" rel=\"noopener\">12<\/a>, <a href=\"http:\/\/ppeees-cpan.ufms.br\/wp-content\/uploads\/2016\/06\/NOEMI-M.-SILVEIRA.-Servi\u00e7o-de-psicologia-aplicada-13.pdf\" target=\"_blank\" rel=\"noopener\">13<\/a>, <a href=\"http:\/\/ppeees-cpan.ufms.br\/wp-content\/uploads\/2016\/06\/NOEMI-M.-SILVEIRA.-Servi\u00e7o-de-psicologia-aplicada-14.pdf\" target=\"_blank\" rel=\"noopener\">14<\/a>, <a href=\"http:\/\/ppeees-cpan.ufms.br\/wp-content\/uploads\/2016\/06\/NOEMI-M.-SILVEIRA.-Servi\u00e7o-de-psicologia-aplicada-15.pdf\" target=\"_blank\" rel=\"noopener\">15<\/a>, <a href=\"http:\/\/ppeees-cpan.ufms.br\/wp-content\/uploads\/2016\/06\/NOEMI-M.-SILVEIRA.-Servi\u00e7o-de-psicologia-aplicada-16.pdf\" target=\"_blank\" rel=\"noopener\">16<\/a>, <a href=\"http:\/\/ppeees-cpan.ufms.br\/wp-content\/uploads\/2016\/06\/NOEMI-M.-SILVEIRA.-Servi\u00e7o-de-psicologia-aplicada-17.pdf\" target=\"_blank\" rel=\"noopener\">17<\/a>, <a href=\"http:\/\/ppeees-cpan.ufms.br\/wp-content\/uploads\/2016\/06\/NOEMI-M.-SILVEIRA.-Servi\u00e7o-de-psicologia-aplicada-18.pdf\" target=\"_blank\" rel=\"noopener\">18<\/a><\/strong>.<\/p>\n<p>REVISTA DE ENSINO. 1932. Ano VI.\u00a0CUNHA, Maria Luiza de Almeida. <strong>Relat\u00f3rio referente a higieniza\u00e7\u00e3o das classes escolares<\/strong>. P\u00e1ginas: <strong><a href=\"http:\/\/ppeees-cpan.ufms.br\/wp-content\/uploads\/2016\/06\/CUNHA.-Relat\u00f3rio-referente-a-higieniza\u00e7\u00e3o-das-classes-escolares.jpg\" target=\"_blank\" rel=\"noopener\">1<\/a>, <a href=\"http:\/\/ppeees-cpan.ufms.br\/wp-content\/uploads\/2016\/06\/CUNHA.-Relat\u00f3rio-referente-a-higieniza\u00e7\u00e3o-das-classes-escolares-2.jpg\" target=\"_blank\" rel=\"noopener\">2<\/a>, <a href=\"http:\/\/ppeees-cpan.ufms.br\/wp-content\/uploads\/2016\/06\/CUNHA.-Relat\u00f3rio-referente-a-higieniza\u00e7\u00e3o-das-classes-escolares-3.jpg\" target=\"_blank\" rel=\"noopener\">3<\/a>, <a href=\"http:\/\/ppeees-cpan.ufms.br\/wp-content\/uploads\/2016\/06\/CUNHA.-Relat\u00f3rio-referente-a-higieniza\u00e7\u00e3o-das-classes-escolares-4.jpg\" target=\"_blank\" rel=\"noopener\">4<\/a><\/strong>.<\/p>\n<p>REVISTA DO ENSINO. 1930. ANTIPOFF, Helena. <strong>Escologia. Ensaios de Pedagogia Experimental<\/strong>. P\u00e1ginas: <strong><a href=\"http:\/\/ppeees-cpan.ufms.br\/wp-content\/uploads\/2016\/06\/ANTIPOFF.-Escologia_-Ensaios-de-Pedagogia-Experimental.jpg\" target=\"_blank\" rel=\"noopener\">1<\/a>, <a href=\"http:\/\/ppeees-cpan.ufms.br\/wp-content\/uploads\/2016\/06\/ANTIPOFF.-Escologia_-Ensaios-de-Pedagogia-Experimental-2.jpg\" target=\"_blank\" rel=\"noopener\">2<\/a>, <a href=\"http:\/\/ppeees-cpan.ufms.br\/wp-content\/uploads\/2016\/06\/ANTIPOFF.-Escologia_-Ensaios-de-Pedagogia-Experimental-3.jpg\" target=\"_blank\" rel=\"noopener\">3<\/a>, <a href=\"http:\/\/ppeees-cpan.ufms.br\/wp-content\/uploads\/2016\/06\/ANTIPOFF.-Escologia_-Ensaios-de-Pedagogia-Experimental-4.jpg\" target=\"_blank\" rel=\"noopener\">4<\/a><\/strong>.<\/p>\n<p>REVISTA DO ENSINO. 1930. ANTIPOFF, Helena. <strong>Monografia de um Grupo Escolar da Capital<\/strong>. P\u00e1ginas: <strong><a href=\"http:\/\/ppeees-cpan.ufms.br\/wp-content\/uploads\/2016\/06\/ANTIPOFF.-Monografia-de-um-Grupo-Escolar-da-Capital.jpg\" target=\"_blank\" rel=\"noopener\">1<\/a>, <a href=\"http:\/\/ppeees-cpan.ufms.br\/wp-content\/uploads\/2016\/06\/ANTIPOFF.-Monografia-de-um-Grupo-Escolar-da-Capital-2.jpg\" target=\"_blank\" rel=\"noopener\">2<\/a>, <a href=\"http:\/\/ppeees-cpan.ufms.br\/wp-content\/uploads\/2016\/06\/ANTIPOFF.-Monografia-de-um-Grupo-Escolar-da-Capital-3.jpg\" target=\"_blank\" rel=\"noopener\">3<\/a>, <a href=\"http:\/\/ppeees-cpan.ufms.br\/wp-content\/uploads\/2016\/06\/ANTIPOFF.-Monografia-de-um-Grupo-Escolar-da-Capital-4.jpg\" target=\"_blank\" rel=\"noopener\">4<\/a>, <a href=\"http:\/\/ppeees-cpan.ufms.br\/wp-content\/uploads\/2016\/06\/ANTIPOFF.-Monografia-de-um-Grupo-Escolar-da-Capital-5.jpg\" target=\"_blank\" rel=\"noopener\">5<\/a>, <a href=\"http:\/\/ppeees-cpan.ufms.br\/wp-content\/uploads\/2016\/06\/ANTIPOFF.-Monografia-de-um-Grupo-Escolar-da-Capital-6.jpg\" target=\"_blank\" rel=\"noopener\">6<\/a>, <a href=\"http:\/\/ppeees-cpan.ufms.br\/wp-content\/uploads\/2016\/06\/ANTIPOFF.-Monografia-de-um-Grupo-Escolar-da-Capital-7.jpg\" target=\"_blank\" rel=\"noopener\">7<\/a>, <a href=\"http:\/\/ppeees-cpan.ufms.br\/wp-content\/uploads\/2016\/06\/ANTIPOFF.-Monografia-de-um-Grupo-Escolar-da-Capital-8.jpg\" target=\"_blank\" rel=\"noopener\">8<\/a>, <a href=\"http:\/\/ppeees-cpan.ufms.br\/wp-content\/uploads\/2016\/06\/ANTIPOFF.-Monografia-de-um-Grupo-Escolar-da-Capital-9.jpg\" target=\"_blank\" rel=\"noopener\">9<\/a>, <a href=\"http:\/\/ppeees-cpan.ufms.br\/wp-content\/uploads\/2016\/06\/ANTIPOFF.-Monografia-de-um-Grupo-Escolar-da-Capital-10.jpg\" target=\"_blank\" rel=\"noopener\">10<\/a><\/strong>.<\/p>\n<p>REVISTA DO ENSINO. O Exame Alpha e Match Intelectual. ANTIPOFF, Helena. <strong>A\u00a0 Pedagogia nas Classes Especiais<\/strong>. 1930. P\u00e1ginas: <strong><a href=\"http:\/\/ppeees-cpan.ufms.br\/wp-content\/uploads\/2016\/06\/ANTIPOFF.-A-Pedagogia-nas-Classes-Especiais.jpg\" target=\"_blank\" rel=\"noopener\">1<\/a>, <a href=\"http:\/\/ppeees-cpan.ufms.br\/wp-content\/uploads\/2016\/06\/ANTIPOFF.-A-Pedagogia-nas-Classes-Especiais-2.jpg\" target=\"_blank\" rel=\"noopener\">2<\/a>, <a href=\"http:\/\/ppeees-cpan.ufms.br\/wp-content\/uploads\/2016\/06\/ANTIPOFF.-Inventario-das-fun\u00e7\u00f5es-mentais-e-das-faculdades-segundo-as-quais-est\u00e3o-distribuindo-os-exercicios-de-ortopedia-mental-3.jpg\" target=\"_blank\" rel=\"noopener\">3<\/a>, <a href=\"http:\/\/ppeees-cpan.ufms.br\/wp-content\/uploads\/2016\/06\/ANTIPOFF.-A-Pedagogia-nas-Classes-Especiais-4.jpg\" target=\"_blank\" rel=\"noopener\">4<\/a>, <a href=\"http:\/\/ppeees-cpan.ufms.br\/wp-content\/uploads\/2016\/06\/ANTIPOFF.-Inventario-das-fun\u00e7\u00f5es-mentais-e-das-faculdades-segundo-as-quais-est\u00e3o-distribuindo-os-exercicios-de-ortopedia-mental-5.jpg\" target=\"_blank\" rel=\"noopener\">5<\/a>, <a href=\"http:\/\/ppeees-cpan.ufms.br\/wp-content\/uploads\/2016\/06\/ANTIPOFF.-Inventario-das-fun\u00e7\u00f5es-mentais-e-das-faculdades-segundo-as-quais-est\u00e3o-distribuindo-os-exercicios-de-ortopedia-mental-6.jpg\" target=\"_blank\" rel=\"noopener\">6<\/a>, <a href=\"http:\/\/ppeees-cpan.ufms.br\/wp-content\/uploads\/2016\/06\/ANTIPOFF.-Inventario-das-fun\u00e7\u00f5es-mentais-e-das-faculdades-segundo-as-quais-est\u00e3o-distribuindo-os-exercicios-de-ortopedia-mental-7.jpg\" target=\"_blank\" rel=\"noopener\">7<\/a>, <a href=\"http:\/\/ppeees-cpan.ufms.br\/wp-content\/uploads\/2016\/06\/ANTIPOFF.-A-Pedagogia-nas-Classes-Especiais-8.jpg\" target=\"_blank\" rel=\"noopener\">8<\/a>.<\/strong><\/p>\n<p>REVISTA DO ENSINO. O Exame Alpha e Match Intelectual. ANTIPOFF, Helena. <strong>Inventario das fun\u00e7\u00f5es mentais e das faculdades, segundo as quais est\u00e3o distribuindo os exercicios de ortopedia mental<\/strong>. 1930. P\u00e1ginas: <strong><a href=\"http:\/\/ppeees-cpan.ufms.br\/wp-content\/uploads\/2016\/06\/ANTIPOFF.-Inventario-das-fun\u00e7\u00f5es-mentais-e-das-faculdades-segundo-as-quais-est\u00e3o-distribuindo-os-exercicios-de-ortopedia-mental1.jpg\" target=\"_blank\" rel=\"noopener\">1<\/a>, <a href=\"http:\/\/ppeees-cpan.ufms.br\/wp-content\/uploads\/2016\/06\/ANTIPOFF.-Inventario-das-fun\u00e7\u00f5es-mentais-e-das-faculdades-segundo-as-quais-est\u00e3o-distribuindo-os-exercicios-de-ortopedia-mental-31.jpg\" target=\"_blank\" rel=\"noopener\">31<\/a>, <a href=\"http:\/\/ppeees-cpan.ufms.br\/wp-content\/uploads\/2016\/06\/ANTIPOFF.-Inventario-das-fun\u00e7\u00f5es-mentais-e-das-faculdades-segundo-as-quais-est\u00e3o-distribuindo-os-exercicios-de-ortopedia-mental-41.jpg\" target=\"_blank\" rel=\"noopener\">41<\/a>, <a href=\"http:\/\/ppeees-cpan.ufms.br\/wp-content\/uploads\/2016\/06\/ANTIPOFF.-Inventario-das-fun\u00e7\u00f5es-mentais-e-das-faculdades-segundo-as-quais-est\u00e3o-distribuindo-os-exercicios-de-ortopedia-mental-51.jpg\" target=\"_blank\" rel=\"noopener\">51<\/a>, <a href=\"http:\/\/ppeees-cpan.ufms.br\/wp-content\/uploads\/2016\/06\/ANTIPOFF.-Inventario-das-fun\u00e7\u00f5es-mentais-e-das-faculdades-segundo-as-quais-est\u00e3o-distribuindo-os-exercicios-de-ortopedia-mental-61.jpg\" target=\"_blank\" rel=\"noopener\">61<\/a>, <a href=\"http:\/\/ppeees-cpan.ufms.br\/wp-content\/uploads\/2016\/06\/ANTIPOFF.-Inventario-das-fun\u00e7\u00f5es-mentais-e-das-faculdades-segundo-as-quais-est\u00e3o-distribuindo-os-exercicios-de-ortopedia-mental-71.jpg\" target=\"_blank\" rel=\"noopener\">71<\/a><\/strong>.<\/p>\n<p>REVISTA DO ENSINO. ANTIPOFF, Helena.\u00a0 <strong>O Exame Alpha e Match Intelectual<\/strong>. P\u00e1ginas: <strong><a href=\"http:\/\/ppeees-cpan.ufms.br\/wp-content\/uploads\/2016\/06\/ANTIPOFF.-O-Exame-Alpha-e-Match-Intelectual.jpg\" target=\"_blank\" rel=\"noopener\">1<\/a>, <a href=\"http:\/\/ppeees-cpan.ufms.br\/wp-content\/uploads\/2016\/06\/ANTIPOFF.-O-Exame-Alpha-e-Match-Intelectual-2.jpg\" target=\"_blank\" rel=\"noopener\">2<\/a>, <a href=\"http:\/\/ppeees-cpan.ufms.br\/wp-content\/uploads\/2016\/06\/ANTIPOFF.-O-Exame-Alpha-e-Match-Intelectual-3.jpg\" target=\"_blank\" rel=\"noopener\">3<\/a><\/strong>.<\/p>\n<p>REVISTA DO ENSINO. 1931. ANTIPOFF, Helena. <strong>A Homogeneiza\u00e7\u00e3o das classes escolares<\/strong>. P\u00e1ginas: <strong><a href=\"http:\/\/ppeees-cpan.ufms.br\/wp-content\/uploads\/2016\/06\/ANTIPOFF.-A-Homogeneiza\u00e7\u00e3o-das-classes-escolares.pdf\" target=\"_blank\" rel=\"noopener\">1<\/a>, <a href=\"http:\/\/ppeees-cpan.ufms.br\/wp-content\/uploads\/2016\/06\/ANTIPOFF.-A-Homogeneiza\u00e7\u00e3o-das-classes-escolares-2.pdf\" target=\"_blank\" rel=\"noopener\">2<\/a>, <a href=\"http:\/\/ppeees-cpan.ufms.br\/wp-content\/uploads\/2016\/06\/ANTIPOFF.-A-Homogeneiza\u00e7\u00e3o-das-classes-escolares-3.pdf\" target=\"_blank\" rel=\"noopener\">3<\/a>, <a href=\"http:\/\/ppeees-cpan.ufms.br\/wp-content\/uploads\/2016\/06\/ANTIPOFF.-A-Homogeneiza\u00e7\u00e3o-das-classes-escolares-4.pdf\" target=\"_blank\" rel=\"noopener\">4<\/a>, <a href=\"http:\/\/ppeees-cpan.ufms.br\/wp-content\/uploads\/2016\/06\/ANTIPOFF.-A-Homogeneiza\u00e7\u00e3o-das-classes-escolares-5.pdf\" target=\"_blank\" rel=\"noopener\">5<\/a>, <a href=\"http:\/\/ppeees-cpan.ufms.br\/wp-content\/uploads\/2016\/06\/ANTIPOFF.-A-Homogeneiza\u00e7\u00e3o-das-classes-escolares-6.pdf\" target=\"_blank\" rel=\"noopener\">6<\/a>, <a href=\"http:\/\/ppeees-cpan.ufms.br\/wp-content\/uploads\/2016\/06\/ANTIPOFF.-A-Homogeneiza\u00e7\u00e3o-das-classes-escolares-7.pdf\" target=\"_blank\" rel=\"noopener\">7<\/a>, <a href=\"http:\/\/ppeees-cpan.ufms.br\/wp-content\/uploads\/2016\/06\/ANTIPOFF.-A-Homogeneiza\u00e7\u00e3o-das-classes-escolares-8.pdf\" target=\"_blank\" rel=\"noopener\">8<\/a>, <a href=\"http:\/\/ppeees-cpan.ufms.br\/wp-content\/uploads\/2016\/06\/ANTIPOFF.-A-Homogeneiza\u00e7\u00e3o-das-classes-escolares-9.pdf\" target=\"_blank\" rel=\"noopener\">9<\/a>, <a href=\"http:\/\/ppeees-cpan.ufms.br\/wp-content\/uploads\/2016\/06\/ANTIPOFF.-A-Homogeneiza\u00e7\u00e3o-das-classes-escolares-10.pdf\" target=\"_blank\" rel=\"noopener\">10<\/a>, <a href=\"http:\/\/ppeees-cpan.ufms.br\/wp-content\/uploads\/2016\/06\/ANTIPOFF.-A-Homogeneiza\u00e7\u00e3o-das-classes-escolares-11.pdf\" target=\"_blank\" rel=\"noopener\">11<\/a>, <a href=\"http:\/\/ppeees-cpan.ufms.br\/wp-content\/uploads\/2016\/06\/ANTIPOFF.-A-Homogeneiza\u00e7\u00e3o-das-classes-escolares-12.pdf\" target=\"_blank\" rel=\"noopener\">12<\/a>, <a href=\"http:\/\/ppeees-cpan.ufms.br\/wp-content\/uploads\/2016\/06\/ANTIPOFF.-A-Homogeneiza\u00e7\u00e3o-das-classes-escolares-13.pdf\" target=\"_blank\" rel=\"noopener\">13<\/a>, <a href=\"http:\/\/ppeees-cpan.ufms.br\/wp-content\/uploads\/2016\/06\/ANTIPOFF.-A-Homogeneiza\u00e7\u00e3o-das-classes-escolares-14.pdf\" target=\"_blank\" rel=\"noopener\">14<\/a>, <a href=\"http:\/\/ppeees-cpan.ufms.br\/wp-content\/uploads\/2016\/06\/ANTIPOFF.-A-Homogeneiza\u00e7\u00e3o-das-classes-escolares-15.pdf\" target=\"_blank\" rel=\"noopener\">15<\/a><\/strong>.<\/p>\n<p>REVISTA DO ENSINO. 1931. ANTIPOFF, Helena. <strong>As mentiras nas crian\u00e7as e os meios para educar nelas a veracidade<\/strong>. P\u00e1ginas: <strong><a href=\"http:\/\/ppeees-cpan.ufms.br\/wp-content\/uploads\/2016\/06\/ANTIPOFF.-As-mentiras-nas-crian\u00e7as-e-os-meios-para-educar-nelas-a-veracidade-1.pdf\" target=\"_blank\" rel=\"noopener\">1<\/a>, <a href=\"http:\/\/ppeees-cpan.ufms.br\/wp-content\/uploads\/2016\/06\/ANTIPOFF.-As-mentiras-nas-crian\u00e7as-e-os-meios-para-educar-nelas-a-veracidade-2.pdf\" target=\"_blank\" rel=\"noopener\">2<\/a>, <a href=\"http:\/\/ppeees-cpan.ufms.br\/wp-content\/uploads\/2016\/06\/ANTIPOFF.-As-mentiras-nas-crian\u00e7as-e-os-meios-para-educar-nelas-a-veracidade-3.pdf\" target=\"_blank\" rel=\"noopener\">3<\/a>, <a href=\"http:\/\/ppeees-cpan.ufms.br\/wp-content\/uploads\/2016\/06\/ANTIPOFF.-As-mentiras-nas-crian\u00e7as-e-os-meios-para-educar-nelas-a-veracidade-4.pdf\" target=\"_blank\" rel=\"noopener\">4<\/a>, <a href=\"http:\/\/ppeees-cpan.ufms.br\/wp-content\/uploads\/2016\/06\/ANTIPOFF.-As-mentiras-nas-crian\u00e7as-e-os-meios-para-educar-nelas-a-veracidade-5.pdf\" target=\"_blank\" rel=\"noopener\">5<\/a>, <a href=\"http:\/\/ppeees-cpan.ufms.br\/wp-content\/uploads\/2016\/06\/ANTIPOFF.-As-mentiras-nas-crian\u00e7as-e-os-meios-para-educar-nelas-a-veracidade-6.pdf\" target=\"_blank\" rel=\"noopener\">6<\/a><\/strong>.<\/p>\n<p>REVISTA DO ENSINO. 1931. ANTIPOFF, Helena. <strong>O Ensino nas classes especiais<\/strong>. P\u00e1ginas: <strong><a href=\"http:\/\/ppeees-cpan.ufms.br\/wp-content\/uploads\/2016\/06\/ANTIPOFF.-O-Ensino-nas-classes-especiais.pdf\" target=\"_blank\" rel=\"noopener\">1<\/a>, <a href=\"http:\/\/ppeees-cpan.ufms.br\/wp-content\/uploads\/2016\/06\/ANTIPOFF.-O-Ensino-nas-classes-especiais-2.pdf\" target=\"_blank\" rel=\"noopener\">2<\/a>, <a href=\"http:\/\/ppeees-cpan.ufms.br\/wp-content\/uploads\/2016\/06\/ANTIPOFF.-O-Ensino-nas-classes-especiais-3.pdf\" target=\"_blank\" rel=\"noopener\">3<\/a>, <a href=\"http:\/\/ppeees-cpan.ufms.br\/wp-content\/uploads\/2016\/06\/ANTIPOFF.-O-Ensino-nas-classes-especiais-4.pdf\" target=\"_blank\" rel=\"noopener\">4<\/a>, <a href=\"http:\/\/ppeees-cpan.ufms.br\/wp-content\/uploads\/2016\/06\/ANTIPOFF.-O-Ensino-nas-classes-especiais-5.pdf\" target=\"_blank\" rel=\"noopener\">5<\/a>, <a href=\"http:\/\/ppeees-cpan.ufms.br\/wp-content\/uploads\/2016\/06\/ANTIPOFF.-O-Ensino-nas-classes-especiais-6.pdf\" target=\"_blank\" rel=\"noopener\">6<\/a>, <a href=\"http:\/\/ppeees-cpan.ufms.br\/wp-content\/uploads\/2016\/06\/ANTIPOFF.-O-Ensino-nas-classes-especiais-7.pdf\" target=\"_blank\" rel=\"noopener\">7<\/a>, <a href=\"http:\/\/ppeees-cpan.ufms.br\/wp-content\/uploads\/2016\/06\/ANTIPOFF.-O-Ensino-nas-classes-especiais-8.pdf\" target=\"_blank\" rel=\"noopener\">8<\/a><\/strong>.<\/p>\n<p>REVISTA DO ENSINO. 1932. RELAT\u00d3RIO. <strong>Homogeniza\u00e7\u00e3o das classes em Juiz de Fora<\/strong>. P\u00e1ginas: <strong><a href=\"http:\/\/ppeees-cpan.ufms.br\/wp-content\/uploads\/2016\/06\/RELAT\u00d3RIO.-Homogeniza\u00e7\u00e3o-das-classes-em-Juiz-de-Fora.jpg\" target=\"_blank\" rel=\"noopener\">1<\/a>, <a href=\"http:\/\/ppeees-cpan.ufms.br\/wp-content\/uploads\/2016\/06\/RELAT\u00d3RIO.-Homogeniza\u00e7\u00e3o-das-classes-em-Juiz-de-Fora-2.jpg\" target=\"_blank\" rel=\"noopener\">2<\/a>, <a href=\"http:\/\/ppeees-cpan.ufms.br\/wp-content\/uploads\/2016\/06\/RELAT\u00d3RIO.-Homogeniza\u00e7\u00e3o-das-classes-em-Juiz-de-Fora-3.jpg\" target=\"_blank\" rel=\"noopener\">3<\/a>, <a href=\"http:\/\/ppeees-cpan.ufms.br\/wp-content\/uploads\/2016\/06\/RELAT\u00d3RIO.-Homogeniza\u00e7\u00e3o-das-classes-em-Juiz-de-Fora-4.jpg\" target=\"_blank\" rel=\"noopener\">4<\/a><\/strong>.<\/p>\n<p>REVISTA DO ENSINO. 1932. Ano II. <strong>A obra nacional da Inf\u00e2ncia na B\u00e9lgica<\/strong>. P\u00e1ginas: <strong><a href=\"http:\/\/ppeees-cpan.ufms.br\/wp-content\/uploads\/2016\/06\/A-obra-nacional-da-Inf\u00e2ncia-na-B\u00e9lgica.jpg\" target=\"_blank\" rel=\"noopener\">1<\/a>, <a href=\"http:\/\/ppeees-cpan.ufms.br\/wp-content\/uploads\/2016\/06\/A-obra-nacional-da-Inf\u00e2ncia-na-B\u00e9lgica-2.jpg\" target=\"_blank\" rel=\"noopener\">2<\/a>, <a href=\"http:\/\/ppeees-cpan.ufms.br\/wp-content\/uploads\/2016\/06\/A-obra-nacional-da-Inf\u00e2ncia-na-B\u00e9lgica-3.jpg\" target=\"_blank\" rel=\"noopener\">3<\/a>, <a href=\"http:\/\/ppeees-cpan.ufms.br\/wp-content\/uploads\/2016\/06\/A-obra-nacional-da-Inf\u00e2ncia-na-B\u00e9lgica-4.jpg\" target=\"_blank\" rel=\"noopener\">4<\/a>, <a href=\"http:\/\/ppeees-cpan.ufms.br\/wp-content\/uploads\/2016\/06\/A-obra-nacional-da-Inf\u00e2ncia-na-B\u00e9lgica-5.jpg\" target=\"_blank\" rel=\"noopener\">5<\/a><\/strong>.<\/p>\n<p>REVISTA DO ENSINO. 1932. Ano VI. CATHOUD. <strong>O que se tem feito no Grupo Escolar Thomaz Brand\u00e3o<\/strong>. P\u00e1ginas: <strong><a href=\"http:\/\/ppeees-cpan.ufms.br\/wp-content\/uploads\/2016\/06\/CATHOUD.-O-que-se-tem-feito-no-Grupo-Escolar-Thomaz-Brand\u00e3o.jpg\" target=\"_blank\" rel=\"noopener\">1<\/a>, <a href=\"http:\/\/ppeees-cpan.ufms.br\/wp-content\/uploads\/2016\/06\/CATHOUD.-O-que-se-tem-feito-no-Grupo-Escolar-Thomaz-Brand\u00e3o-2.jpg\" target=\"_blank\" rel=\"noopener\">2<\/a>, <a href=\"http:\/\/ppeees-cpan.ufms.br\/wp-content\/uploads\/2016\/06\/CATHOUD.-O-que-se-tem-feito-no-Grupo-Escolar-Thomaz-Brand\u00e3o-3.jpg\" target=\"_blank\" rel=\"noopener\">3<\/a>, <a href=\"http:\/\/ppeees-cpan.ufms.br\/wp-content\/uploads\/2016\/06\/CATHOUD.-O-que-se-tem-feito-no-Grupo-Escolar-Thomaz-Brand\u00e3o-4.jpg\" target=\"_blank\" rel=\"noopener\">4<\/a>, <a href=\"http:\/\/ppeees-cpan.ufms.br\/wp-content\/uploads\/2016\/06\/CATHOUD.-O-que-se-tem-feito-no-Grupo-Escolar-Thomaz-Brand\u00e3o-5.jpg\" target=\"_blank\" rel=\"noopener\">5<\/a>, <a href=\"http:\/\/ppeees-cpan.ufms.br\/wp-content\/uploads\/2016\/06\/CATHOUD.-O-que-se-tem-feito-no-Grupo-Escolar-Thomaz-Brand\u00e3o-6.jpg\" target=\"_blank\" rel=\"noopener\">6<\/a>, <a href=\"http:\/\/ppeees-cpan.ufms.br\/wp-content\/uploads\/2016\/06\/CATHOUD.-O-que-se-tem-feito-no-Grupo-Escolar-Thomaz-Brand\u00e3o-7.jpg\" target=\"_blank\" rel=\"noopener\">7<\/a>, <a href=\"http:\/\/ppeees-cpan.ufms.br\/wp-content\/uploads\/2016\/06\/CATHOUD.-O-que-se-tem-feito-no-Grupo-Escolar-Thomaz-Brand\u00e3o-8.jpg\" target=\"_blank\" rel=\"noopener\">8<\/a>, <a href=\"http:\/\/ppeees-cpan.ufms.br\/wp-content\/uploads\/2016\/06\/CATHOUD.-O-que-se-tem-feito-no-Grupo-Escolar-Thomaz-Brand\u00e3o-9.jpg\" target=\"_blank\" rel=\"noopener\">9<\/a>, <a href=\"http:\/\/ppeees-cpan.ufms.br\/wp-content\/uploads\/2016\/06\/CATHOUD.-O-que-se-tem-feito-no-Grupo-Escolar-Thomaz-Brand\u00e3o-10.jpg\" target=\"_blank\" rel=\"noopener\">10<\/a>, <a href=\"http:\/\/ppeees-cpan.ufms.br\/wp-content\/uploads\/2016\/06\/CATHOUD.-O-que-se-tem-feito-no-Grupo-Escolar-Thomaz-Brand\u00e3o-11.jpg\" target=\"_blank\" rel=\"noopener\">11<\/a>, <a href=\"http:\/\/ppeees-cpan.ufms.br\/wp-content\/uploads\/2016\/06\/CATHOUD.-O-que-se-tem-feito-no-Grupo-Escolar-Thomaz-Brand\u00e3o-12.jpg\" target=\"_blank\" rel=\"noopener\">12<\/a>, <a href=\"http:\/\/ppeees-cpan.ufms.br\/wp-content\/uploads\/2016\/06\/CATHOUD.-O-que-se-tem-feito-no-Grupo-Escolar-Thomaz-Brand\u00e3o-13.jpg\" target=\"_blank\" rel=\"noopener\">13<\/a>, <a href=\"http:\/\/ppeees-cpan.ufms.br\/wp-content\/uploads\/2016\/06\/CATHOUD.-O-que-se-tem-feito-no-Grupo-Escolar-Thomaz-Brand\u00e3o-14.jpg\" target=\"_blank\" rel=\"noopener\">14<\/a>, <a href=\"http:\/\/ppeees-cpan.ufms.br\/wp-content\/uploads\/2016\/06\/CATHOUD.-O-que-se-tem-feito-no-Grupo-Escolar-Thomaz-Brand\u00e3o-15.jpg\" target=\"_blank\" rel=\"noopener\">15<\/a>, <a href=\"http:\/\/ppeees-cpan.ufms.br\/wp-content\/uploads\/2016\/06\/CATHOUD.-O-que-se-tem-feito-no-Grupo-Escolar-Thomaz-Brand\u00e3o-16.jpg\" target=\"_blank\" rel=\"noopener\">16<\/a><\/strong>.<\/p>\n<p>REVISTA DO ENSINO. 1932. n. 48. ANTIPOFF, Helena. <strong>Discurso de Paraninfo \u00e0s diplomandas da Escola de Aperfei\u00e7oamento<\/strong>. P\u00e1ginas: <strong><a href=\"http:\/\/ppeees-cpan.ufms.br\/wp-content\/uploads\/2016\/06\/ANTIPOFF.-Discurso-de-Paraninfo-\u00e1s-diplomandas-da-Escola-de-Aperfei\u00e7oamento.jpg\" target=\"_blank\" rel=\"noopener\">1<\/a>, <a href=\"http:\/\/ppeees-cpan.ufms.br\/wp-content\/uploads\/2016\/06\/ANTIPOFF.-Discurso-de-Paraninfo-\u00e1s-diplomandas-da-Escola-de-Aperfei\u00e7oamento-2.jpg\" target=\"_blank\" rel=\"noopener\">2<\/a>, <a href=\"http:\/\/ppeees-cpan.ufms.br\/wp-content\/uploads\/2016\/06\/ANTIPOFF.-Discurso-de-Paraninfo-\u00e1s-diplomandas-da-Escola-de-Aperfei\u00e7oamento-3.jpg\" target=\"_blank\" rel=\"noopener\">3<\/a>, <a href=\"http:\/\/ppeees-cpan.ufms.br\/wp-content\/uploads\/2016\/06\/ANTIPOFF.-Discurso-de-Paraninfo-\u00e1s-diplomandas-da-Escola-de-Aperfei\u00e7oamento-4.jpg\" target=\"_blank\" rel=\"noopener\">4<\/a>, <a href=\"http:\/\/ppeees-cpan.ufms.br\/wp-content\/uploads\/2016\/06\/ANTIPOFF.-Discurso-de-Paraninfo-\u00e1s-diplomandas-da-Escola-de-Aperfei\u00e7oamento-5.jpg\" target=\"_blank\" rel=\"noopener\">5<\/a>, <a href=\"http:\/\/ppeees-cpan.ufms.br\/wp-content\/uploads\/2016\/06\/ANTIPOFF.-Discurso-de-Paraninfo-\u00e1s-diplomandas-da-Escola-de-Aperfei\u00e7oamento-6.jpg\" target=\"_blank\" rel=\"noopener\">6<\/a><\/strong>.<\/p>\n<p>REVISTA DO ENSINO. 1933. n. 84. ANTIPOFF E REZENDE. <strong>A Ortopedia Mental. Exerc\u00edcios de memoria<\/strong>. P\u00e1ginas: <strong><a href=\"http:\/\/ppeees-cpan.ufms.br\/wp-content\/uploads\/2016\/06\/ANTIPOFF-E-REZENDE.-A-Ortopedia-Mental_-Exerc\u00edcios-de-memoria-1933-1.pdf\" target=\"_blank\" rel=\"noopener\">1<\/a>, <a href=\"http:\/\/ppeees-cpan.ufms.br\/wp-content\/uploads\/2016\/06\/ANTIPOFF-E-REZENDE.-A-Ortopedia-Mental_-Exerc\u00edcios-de-memoria-1933-2.pdf\" target=\"_blank\" rel=\"noopener\">2<\/a>, <a href=\"http:\/\/ppeees-cpan.ufms.br\/wp-content\/uploads\/2016\/06\/ANTIPOFF-E-REZENDE.-A-Ortopedia-Mental_-Exerc\u00edcios-de-memoria-1933-3.pdf\" target=\"_blank\" rel=\"noopener\">3<\/a>, <a href=\"http:\/\/ppeees-cpan.ufms.br\/wp-content\/uploads\/2016\/06\/ANTIPOFF-E-REZENDE.-A-Ortopedia-Mental_-Exerc\u00edcios-de-memoria-1933-4.pdf\" target=\"_blank\" rel=\"noopener\">4<\/a>, <a href=\"http:\/\/ppeees-cpan.ufms.br\/wp-content\/uploads\/2016\/06\/ANTIPOFF-E-REZENDE.-A-Ortopedia-Mental_-Exerc\u00edcios-de-memoria-1933-5.pdf\" target=\"_blank\" rel=\"noopener\">5<\/a><\/strong>.<\/p>\n<p>REVISTA DO ENSINO. 1933. n. 89. ANTIPOFF E REZENDE. <strong>A Educa\u00e7\u00e3o das crian\u00e7as retardadas. Ortopedia Mental<\/strong>. P\u00e1ginas: <strong><a href=\"http:\/\/ppeees-cpan.ufms.br\/wp-content\/uploads\/2016\/06\/ANTIPOFF-E-REZENDE.-A-Educa\u00e7\u00e3o-das-crian\u00e7as-retardadas_-Ortopedia-Mental-1.pdf\" target=\"_blank\" rel=\"noopener\">1<\/a>, <a href=\"http:\/\/ppeees-cpan.ufms.br\/wp-content\/uploads\/2016\/06\/ANTIPOFF-E-REZENDE.-A-Educa\u00e7\u00e3o-das-crian\u00e7as-retardadas_-Ortopedia-Mental-2.pdf\" target=\"_blank\" rel=\"noopener\">2<\/a>, <a href=\"http:\/\/ppeees-cpan.ufms.br\/wp-content\/uploads\/2016\/06\/ANTIPOFF-E-REZENDE.-A-Educa\u00e7\u00e3o-das-crian\u00e7as-retardadas_-Ortopedia-Mental-3.pdf\" target=\"_blank\" rel=\"noopener\">3<\/a>, <a href=\"http:\/\/ppeees-cpan.ufms.br\/wp-content\/uploads\/2016\/06\/ANTIPOFF-E-REZENDE.-A-Educa\u00e7\u00e3o-das-crian\u00e7as-retardadas_-Ortopedia-Mental-4.pdf\" target=\"_blank\" rel=\"noopener\">4<\/a><\/strong>.<\/p>\n<p>REVISTA DO ENSINO. 1936. Ano X. SIMON. <strong>Os methodos pedagogicos e a pedagogia experimental<\/strong>. P\u00e1ginas: <strong><a href=\"http:\/\/ppeees-cpan.ufms.br\/wp-content\/uploads\/2016\/06\/SIMON.-Os-methodos-pedagogicos-e-a-pedagogia-experimental.jpg\" target=\"_blank\" rel=\"noopener\">1<\/a>, <a href=\"http:\/\/ppeees-cpan.ufms.br\/wp-content\/uploads\/2016\/06\/SIMON.-Os-methodos-pedagogicos-e-a-pedagogia-experimental-2.jpg\" target=\"_blank\" rel=\"noopener\">2<\/a>, <a href=\"http:\/\/ppeees-cpan.ufms.br\/wp-content\/uploads\/2016\/06\/SIMON.-Os-methodos-pedagogicos-e-a-pedagogia-experimental-3.jpg\" target=\"_blank\" rel=\"noopener\">3<\/a>, <a href=\"http:\/\/ppeees-cpan.ufms.br\/wp-content\/uploads\/2016\/06\/SIMON.-Os-methodos-pedagogicos-e-a-pedagogia-experimental-4.jpg\" target=\"_blank\" rel=\"noopener\">4<\/a>, <a href=\"http:\/\/ppeees-cpan.ufms.br\/wp-content\/uploads\/2016\/06\/SIMON.-Os-methodos-pedagogicos-e-a-pedagogia-experimental-5.jpg\" target=\"_blank\" rel=\"noopener\">5<\/a>, <a href=\"http:\/\/ppeees-cpan.ufms.br\/wp-content\/uploads\/2016\/06\/SIMON.-Os-methodos-pedagogicos-e-a-pedagogia-experimental-6.jpg\" target=\"_blank\" rel=\"noopener\">6<\/a>, <a href=\"http:\/\/ppeees-cpan.ufms.br\/wp-content\/uploads\/2016\/06\/SIMON.-Os-methodos-pedagogicos-e-a-pedagogia-experimental-7.jpg\" target=\"_blank\" rel=\"noopener\">7<\/a>, <a href=\"http:\/\/ppeees-cpan.ufms.br\/wp-content\/uploads\/2016\/06\/SIMON.-Os-methodos-pedagogicos-e-a-pedagogia-experimental-8.jpg\" target=\"_blank\" rel=\"noopener\">8<\/a>, <a href=\"http:\/\/ppeees-cpan.ufms.br\/wp-content\/uploads\/2016\/06\/SIMON.-Os-methodos-pedagogicos-e-a-pedagogia-experimental-9.jpg\" target=\"_blank\" rel=\"noopener\">9<\/a>, <a href=\"http:\/\/ppeees-cpan.ufms.br\/wp-content\/uploads\/2016\/06\/SIMON.-Os-methodos-pedagogicos-e-a-pedagogia-experimental-10.jpg\" target=\"_blank\" rel=\"noopener\">10<\/a>, <a href=\"http:\/\/ppeees-cpan.ufms.br\/wp-content\/uploads\/2016\/06\/SIMON.-Os-methodos-pedagogicos-e-a-pedagogia-experimental-11.jpg\" target=\"_blank\" rel=\"noopener\">11<\/a>, <a href=\"http:\/\/ppeees-cpan.ufms.br\/wp-content\/uploads\/2016\/06\/SIMON.-Os-methodos-pedagogicos-e-a-pedagogia-experimental-12.jpg\" target=\"_blank\" rel=\"noopener\">12<\/a>, <a href=\"http:\/\/ppeees-cpan.ufms.br\/wp-content\/uploads\/2016\/06\/SIMON.-Os-methodos-pedagogicos-e-a-pedagogia-experimental-13.jpg\" target=\"_blank\" rel=\"noopener\">13<\/a>, <a href=\"http:\/\/ppeees-cpan.ufms.br\/wp-content\/uploads\/2016\/06\/SIMON.-Os-methodos-pedagogicos-e-a-pedagogia-experimental-14.jpg\" target=\"_blank\" rel=\"noopener\">14<\/a>, <a href=\"http:\/\/ppeees-cpan.ufms.br\/wp-content\/uploads\/2016\/06\/SIMON.-Os-methodos-pedagogicos-e-a-pedagogia-experimental-15.jpg\" target=\"_blank\" rel=\"noopener\">15<\/a>, <a href=\"http:\/\/ppeees-cpan.ufms.br\/wp-content\/uploads\/2016\/06\/SIMON.-Os-methodos-pedagogicos-e-a-pedagogia-experimental-16.jpg\" target=\"_blank\" rel=\"noopener\">16<\/a>, <a href=\"http:\/\/ppeees-cpan.ufms.br\/wp-content\/uploads\/2016\/06\/SIMON.-Os-methodos-pedagogicos-e-a-pedagogia-experimental-17.jpg\" target=\"_blank\" rel=\"noopener\">17<\/a>, <a href=\"http:\/\/ppeees-cpan.ufms.br\/wp-content\/uploads\/2016\/06\/SIMON.-Os-methodos-pedagogicos-e-a-pedagogia-experimental-18.jpg\" target=\"_blank\" rel=\"noopener\">18<\/a><\/strong>.<\/p>\n<p>REVISTA EDUCA\u00c7\u00c3O. 1931. LOURE\u00c7O FILHO. <strong>Pais e mestres<\/strong>. P\u00e1ginas: <strong><a href=\"http:\/\/ppeees-cpan.ufms.br\/wp-content\/uploads\/2016\/06\/LOURE\u00c7O-FILHO.-Pais-e-mestres.pdf\" target=\"_blank\" rel=\"noopener\">1<\/a>, <a href=\"http:\/\/ppeees-cpan.ufms.br\/wp-content\/uploads\/2016\/06\/LOURE\u00c7O-FILHO.-Pais-e-mestres-2.pdf\" target=\"_blank\" rel=\"noopener\">2<\/a><\/strong>.<\/p>\n<p>REVISTA EDUCA\u00c7\u00c3O. 1931. REVISTA EDUCA\u00c7\u00c3O. PI\u00c9RON. <a href=\"http:\/\/ppeees-cpan.ufms.br\/wp-content\/uploads\/2016\/06\/PI\u00c9RON.-O-desenvolvimento-mental-e-a-intelligencia.pdf\" target=\"_blank\" rel=\"noopener\"><strong>O desenvolvimento mental e a intelig\u00eancia<\/strong><\/a>. (O documento completo pode ser consultado presencialmente).<\/p>\n<p>REVISTA EDUCA\u00c7\u00c3O. 1932. MEC. <strong>A classifica\u00e7\u00e3o geral do do ensino adotada pelo Minist\u00e9rio da Educa\u00e7\u00e3o<\/strong>. P\u00e1ginas: <strong><a href=\"http:\/\/ppeees-cpan.ufms.br\/wp-content\/uploads\/2016\/06\/MEC.-A-classifica\u00e7\u00e3o-geral-do-do-ensino-adotada-pelo-Minist\u00e9rio-da-Educa\u00e7\u00e3o.jpg\" target=\"_blank\" rel=\"noopener\">1<\/a>, <a href=\"http:\/\/ppeees-cpan.ufms.br\/wp-content\/uploads\/2016\/06\/MEC.-A-classifica\u00e7\u00e3o-geral-do-do-ensino-adotada-pelo-Minist\u00e9rio-da-Educa\u00e7\u00e3o-2.jpg\" target=\"_blank\" rel=\"noopener\">2<\/a><\/strong>.<\/p>\n<p>REVISTA EDUCA\u00c7\u00c3O. 1932. Vol VII. PI\u00c9RON. <strong>O desenvolvimento mental e a intelig\u00eancia<\/strong>. P\u00e1ginas: <strong><a href=\"http:\/\/ppeees-cpan.ufms.br\/wp-content\/uploads\/2016\/06\/PI\u00c9RON.-O-desenvolvimento-mental-e-a-intelligencia.jpg\" target=\"_blank\" rel=\"noopener\">1<\/a>, <a href=\"http:\/\/ppeees-cpan.ufms.br\/wp-content\/uploads\/2016\/06\/PI\u00c9RON.-O-desenvolvimento-mental-e-a-intelligencia-2.jpg\" target=\"_blank\" rel=\"noopener\">2<\/a>, <a href=\"http:\/\/ppeees-cpan.ufms.br\/wp-content\/uploads\/2016\/06\/PI\u00c9RON.-O-desenvolvimento-mental-e-a-intelligencia-3.jpg\" target=\"_blank\" rel=\"noopener\">3<\/a>, <a href=\"http:\/\/ppeees-cpan.ufms.br\/wp-content\/uploads\/2016\/06\/PI\u00c9RON.-O-desenvolvimento-mental-e-a-intelligencia-4.jpg\" target=\"_blank\" rel=\"noopener\">4<\/a>, <a href=\"http:\/\/ppeees-cpan.ufms.br\/wp-content\/uploads\/2016\/06\/PI\u00c9RON.-O-desenvolvimento-mental-e-a-intelligencia-5.jpg\" target=\"_blank\" rel=\"noopener\">5<\/a>, <a href=\"http:\/\/ppeees-cpan.ufms.br\/wp-content\/uploads\/2016\/06\/PI\u00c9RON.-O-desenvolvimento-mental-e-a-intelligencia-6.jpg\" target=\"_blank\" rel=\"noopener\">6<\/a>, <a href=\"http:\/\/ppeees-cpan.ufms.br\/wp-content\/uploads\/2016\/06\/PI\u00c9RON.-O-desenvolvimento-mental-e-a-intelligencia-7.jpg\" target=\"_blank\" rel=\"noopener\">7<\/a>, <a href=\"http:\/\/ppeees-cpan.ufms.br\/wp-content\/uploads\/2016\/06\/PI\u00c9RON.-O-desenvolvimento-mental-e-a-intelligencia-8.jpg\" target=\"_blank\" rel=\"noopener\">8<\/a><\/strong>.<\/p>\n<p>REVISTA ESCOLA NOVA. 1931. FILHO. <strong>Os testes<\/strong>. P\u00e1ginas: <strong><a href=\"http:\/\/ppeees-cpan.ufms.br\/wp-content\/uploads\/2016\/06\/FILHO.-Os-testes.jpg\" target=\"_blank\" rel=\"noopener\">1<\/a>, <a href=\"http:\/\/ppeees-cpan.ufms.br\/wp-content\/uploads\/2016\/06\/FILHO.-Os-testes-2.jpg\" target=\"_blank\" rel=\"noopener\">2<\/a>, <a href=\"http:\/\/ppeees-cpan.ufms.br\/wp-content\/uploads\/2016\/06\/FILHO.-Os-testes-3.jpg\" target=\"_blank\" rel=\"noopener\">3<\/a>, <a href=\"http:\/\/ppeees-cpan.ufms.br\/wp-content\/uploads\/2016\/06\/FILHO.-Os-testes-4.jpg\" target=\"_blank\" rel=\"noopener\">4<\/a><\/strong>.<\/p>\n<p>REVISTA ESCOLA NOVA. 1931. Vol II. Sem autoria definida. <strong>Atraves de Revistas e Jornaes<\/strong>. P\u00e1ginas: <strong><a href=\"http:\/\/ppeees-cpan.ufms.br\/wp-content\/uploads\/2016\/06\/Sem-autoria-definida.-Atraves-de-Revistas-e-Jornaes.jpg\" target=\"_blank\" rel=\"noopener\">1<\/a>, <a href=\"http:\/\/ppeees-cpan.ufms.br\/wp-content\/uploads\/2016\/06\/Sem-autoria-definida.-Atraves-de-Revistas-e-Jornaes-2.jpg\" target=\"_blank\" rel=\"noopener\">2<\/a>, <a href=\"http:\/\/ppeees-cpan.ufms.br\/wp-content\/uploads\/2016\/06\/Sem-autoria-definida.-Atraves-de-Revistas-e-Jornaes-3.jpg\" target=\"_blank\" rel=\"noopener\">3<\/a>, <a href=\"http:\/\/ppeees-cpan.ufms.br\/wp-content\/uploads\/2016\/06\/Sem-autoria-definida.-Atraves-de-Revistas-e-Jornaes-4.jpg\" target=\"_blank\" rel=\"noopener\">4<\/a><\/strong>.<\/p>\n<p>SEM REFER\u00caNCIA DE AUTORIA. Galeria das crian\u00e7as. <strong>Laborat\u00f3rio de Psicologia. Galeria das Crian\u00e7as<\/strong>. P\u00e1ginas: <strong><a href=\"http:\/\/ppeees-cpan.ufms.br\/wp-content\/uploads\/2016\/06\/Laborat\u00f3rio-de-Psicologia.-Galeria-das-Crian\u00e7as.pdf\" target=\"_blank\" rel=\"noopener\">1<\/a>, <a href=\"http:\/\/ppeees-cpan.ufms.br\/wp-content\/uploads\/2016\/06\/Laborat\u00f3rio-de-Psicologia.-Galeria-das-Crian\u00e7as-2.pdf\" target=\"_blank\" rel=\"noopener\">2<\/a>, <a href=\"http:\/\/ppeees-cpan.ufms.br\/wp-content\/uploads\/2016\/06\/Laborat\u00f3rio-de-Psicologia.-Galeria-das-Crian\u00e7as-3.pdf\" target=\"_blank\" rel=\"noopener\">3<\/a>, 4, <a href=\"http:\/\/ppeees-cpan.ufms.br\/wp-content\/uploads\/2016\/06\/Laborat\u00f3rio-de-Psicologia.-Galeria-das-Crian\u00e7as-5.pdf\" target=\"_blank\" rel=\"noopener\">5<\/a>, <a href=\"http:\/\/ppeees-cpan.ufms.br\/wp-content\/uploads\/2016\/06\/Laborat\u00f3rio-de-Psicologia.-Galeria-das-Crian\u00e7as-6.pdf\" target=\"_blank\" rel=\"noopener\">6<\/a>, <a href=\"http:\/\/ppeees-cpan.ufms.br\/wp-content\/uploads\/2016\/06\/Laborat\u00f3rio-de-Psicologia.-Galeria-das-Crian\u00e7as-7.pdf\" target=\"_blank\" rel=\"noopener\">7<\/a><\/strong>. (O documento completo pode ser consultado presencialmente).<\/p>\n","protected":false},"excerpt":{"rendered":"<p>ALVES. Os testes e a reorganiza\u00e7\u00e3o escolar. 1930. P\u00e1ginas: 1, 2, 3, 4, 5, 6, 7, 8, 9, 10, 11. REVISTA DE EDUCA\u00c7\u00c3O. O problema dos cegos no Brasil. 1938. DECRETO n\u00b0 5889, de 1933. P\u00e1ginas: 1, 2. Enciclop\u00e9dia Brasileira de Educa\u00e7\u00e3o. 1932, n. 3. RELAT\u00d3RIO DA REUNI\u00c3O REALIZADA NO LABORAT\u00d3RIO DE PSICOLOGIA DA ESCOLA [&hellip;]<\/p>\n","protected":false},"author":3,"featured_media":0,"comment_status":"closed","ping_status":"open","sticky":false,"template":"","format":"standard","meta":[],"categories":[5,25],"tags":[],"_links":{"self":[{"href":"https:\/\/ppeees-cpan.ufms.br\/index.php?rest_route=\/wp\/v2\/posts\/1233"}],"collection":[{"href":"https:\/\/ppeees-cpan.ufms.br\/index.php?rest_route=\/wp\/v2\/posts"}],"about":[{"href":"https:\/\/ppeees-cpan.ufms.br\/index.php?rest_route=\/wp\/v2\/types\/post"}],"author":[{"embeddable":true,"href":"https:\/\/ppeees-cpan.ufms.br\/index.php?rest_route=\/wp\/v2\/users\/3"}],"replies":[{"embeddable":true,"href":"https:\/\/ppeees-cpan.ufms.br\/index.php?rest_route=%2Fwp%2Fv2%2Fcomments&post=1233"}],"version-history":[{"count":18,"href":"https:\/\/ppeees-cpan.ufms.br\/index.php?rest_route=\/wp\/v2\/posts\/1233\/revisions"}],"predecessor-version":[{"id":1746,"href":"https:\/\/ppeees-cpan.ufms.br\/index.php?rest_route=\/wp\/v2\/posts\/1233\/revisions\/1746"}],"wp:attachment":[{"href":"https:\/\/ppeees-cpan.ufms.br\/index.php?rest_route=%2Fwp%2Fv2%2Fmedia&parent=1233"}],"wp:term":[{"taxonomy":"category","embeddable":true,"href":"https:\/\/ppeees-cpan.ufms.br\/index.php?rest_route=%2Fwp%2Fv2%2Fcategories&post=1233"},{"taxonomy":"post_tag","embeddable":true,"href":"https:\/\/ppeees-cpan.ufms.br\/index.php?rest_route=%2Fwp%2Fv2%2Ftags&post=1233"}],"curies":[{"name":"wp","href":"https:\/\/api.w.org\/{rel}","templated":true}]}}