{"id":145,"date":"2015-02-25T15:18:00","date_gmt":"2015-02-25T15:18:00","guid":{"rendered":"http:\/\/ppeees.ufms.br\/?p=145"},"modified":"2023-04-14T12:30:35","modified_gmt":"2023-04-14T12:30:35","slug":"o-programa-de-pos-graduacao-em-educacaocpan","status":"publish","type":"post","link":"https:\/\/ppeees-cpan.ufms.br\/?p=145","title":{"rendered":"Programa de P\u00f3s-gradua\u00e7\u00e3o em Educa\u00e7\u00e3o &#8211; UFMS\/CPAN"},"content":{"rendered":"<p>&nbsp;<\/p>\n<p><a href=\"http:\/\/ppeees-cpan.ufms.br\/wp-content\/uploads\/2015\/02\/logo.png\"><img decoding=\"async\" loading=\"lazy\" class=\"alignnone  wp-image-374\" src=\"http:\/\/ppeees-cpan.ufms.br\/wp-content\/uploads\/2015\/02\/logo-230x300.png\" alt=\"logo\" width=\"122\" height=\"159\" srcset=\"https:\/\/ppeees-cpan.ufms.br\/wp-content\/uploads\/2015\/02\/logo-230x300.png 230w, https:\/\/ppeees-cpan.ufms.br\/wp-content\/uploads\/2015\/02\/logo-783x1024.png 783w, https:\/\/ppeees-cpan.ufms.br\/wp-content\/uploads\/2015\/02\/logo.png 1550w\" sizes=\"(max-width: 122px) 100vw, 122px\" \/><\/a><\/p>\n<p>O Grupo de Pesquisa articula-se na <strong>Universidade Federal de Mato Grosso do Sul<\/strong> por meio das pesquisas em pol\u00edticas de Educa\u00e7\u00e3o Especial desenvolvidas no <strong>Programa de P\u00f3s-gradua\u00e7\u00e3o em Educa\u00e7\u00e3o<\/strong>, \u00e1rea de concentra\u00e7\u00e3o Educa\u00e7\u00e3o Social, do Campus do Pantanal (PPGE\/CPAN) em <strong>Corumb\u00e1-MS<\/strong>.<\/p>\n<p>Conhe\u00e7a\u00a0o Programa: <a href=\"http:\/\/ppgecpan.sites.ufms.br\/\" target=\"_blank\" rel=\"noopener\">http:\/\/ppgecpan.sites.ufms.br\/<\/a><\/p>\n<p>Campus do Pantanal, em Corumb\u00e1-MS:<a href=\"http:\/\/cpan.sites.ufms.br\/\" target=\"_blank\" rel=\"noopener\">\u00a0http:\/\/cpan.sites.ufms.br\/<\/a><\/p>\n<p>UFMS:\u00a0<a href=\"http:\/\/ufms.br\/\" target=\"_blank\" rel=\"noopener\">http:\/\/ufms.br\/<\/a><\/p>\n<p>&nbsp;<\/p>\n","protected":false},"excerpt":{"rendered":"<p>&nbsp; O Grupo de Pesquisa articula-se na Universidade Federal de Mato Grosso do Sul por meio das pesquisas em pol\u00edticas de Educa\u00e7\u00e3o Especial desenvolvidas no Programa de P\u00f3s-gradua\u00e7\u00e3o em Educa\u00e7\u00e3o, \u00e1rea de concentra\u00e7\u00e3o Educa\u00e7\u00e3o Social, do Campus do Pantanal (PPGE\/CPAN) em Corumb\u00e1-MS. Conhe\u00e7a\u00a0o Programa: http:\/\/ppgecpan.sites.ufms.br\/ Campus do Pantanal, em Corumb\u00e1-MS:\u00a0http:\/\/cpan.sites.ufms.br\/ UFMS:\u00a0http:\/\/ufms.br\/ &nbsp;<\/p>\n","protected":false},"author":3,"featured_media":0,"comment_status":"closed","ping_status":"open","sticky":false,"template":"","format":"standard","meta":[],"categories":[7,9],"tags":[],"_links":{"self":[{"href":"https:\/\/ppeees-cpan.ufms.br\/index.php?rest_route=\/wp\/v2\/posts\/145"}],"collection":[{"href":"https:\/\/ppeees-cpan.ufms.br\/index.php?rest_route=\/wp\/v2\/posts"}],"about":[{"href":"https:\/\/ppeees-cpan.ufms.br\/index.php?rest_route=\/wp\/v2\/types\/post"}],"author":[{"embeddable":true,"href":"https:\/\/ppeees-cpan.ufms.br\/index.php?rest_route=\/wp\/v2\/users\/3"}],"replies":[{"embeddable":true,"href":"https:\/\/ppeees-cpan.ufms.br\/index.php?rest_route=%2Fwp%2Fv2%2Fcomments&post=145"}],"version-history":[{"count":12,"href":"https:\/\/ppeees-cpan.ufms.br\/index.php?rest_route=\/wp\/v2\/posts\/145\/revisions"}],"predecessor-version":[{"id":1769,"href":"https:\/\/ppeees-cpan.ufms.br\/index.php?rest_route=\/wp\/v2\/posts\/145\/revisions\/1769"}],"wp:attachment":[{"href":"https:\/\/ppeees-cpan.ufms.br\/index.php?rest_route=%2Fwp%2Fv2%2Fmedia&parent=145"}],"wp:term":[{"taxonomy":"category","embeddable":true,"href":"https:\/\/ppeees-cpan.ufms.br\/index.php?rest_route=%2Fwp%2Fv2%2Fcategories&post=145"},{"taxonomy":"post_tag","embeddable":true,"href":"https:\/\/ppeees-cpan.ufms.br\/index.php?rest_route=%2Fwp%2Fv2%2Ftags&post=145"}],"curies":[{"name":"wp","href":"https:\/\/api.w.org\/{rel}","templated":true}]}}