{"id":155,"date":"2015-02-25T15:50:57","date_gmt":"2015-02-25T15:50:57","guid":{"rendered":"http:\/\/ppeees.ufms.br\/?p=155"},"modified":"2023-04-14T12:30:34","modified_gmt":"2023-04-14T12:30:34","slug":"grupos-de-pesquisas-relacionados","status":"publish","type":"post","link":"https:\/\/ppeees-cpan.ufms.br\/?p=155","title":{"rendered":"Grupos de Pesquisa (CNPq) e projetos relacionados"},"content":{"rendered":"<p>&nbsp;<\/p>\n<p><strong>Rede de Pesquisa em Educa\u00e7\u00e3o Especial de Mato Grosso do Sul: <\/strong><a href=\"https:\/\/pesquisaeems.ufms.br\/\" target=\"_blank\" rel=\"noopener\">https:\/\/pesquisaeems.ufms.br\/<\/a> e\u00a0<a href=\"https:\/\/pesquisaeems.wordpress.com\/\" target=\"_blank\" rel=\"noopener\">https:\/\/pesquisaeems.wordpress.com\/<\/a><\/p>\n<p>&nbsp;<\/p>\n<p><strong>Observat\u00f3rio da Educa\u00e7\u00e3o CAPES\/INEP:\u00a0<\/strong><a href=\"http:\/\/comunidades.capes.gov.br\/\" target=\"_blank\" rel=\"noopener\">http:\/\/comunidades.capes.gov.br\/<\/a><\/p>\n<p>&nbsp;<\/p>\n<p><strong>Educa\u00e7\u00e3o e Cidadania (UFMS\/CPAN)<\/strong><\/p>\n<p>Endere\u00e7o para acessar\u00a0espelho do grupo: <a href=\"http:\/\/dgp.cnpq.br\/dgp\/espelhogrupo\/3888236649541593\" target=\"_blank\" rel=\"noopener\">dgp.cnpq.br\/dgp\/espelhogrupo\/3888236649541593<\/a><\/p>\n<p>P\u00e1gina web:\u00a0<a href=\"http:\/\/creia.sites.ufms.br\/\" target=\"_blank\" rel=\"noopener\">http:\/\/creia.sites.ufms.br\/<\/a><\/p>\n<p>L\u00edder: M\u00f4nica de Carvalho Magalh\u00e3es Kassar<\/p>\n<p>O Grupo de Pesquisa Educa\u00e7\u00e3o e Cidadania foi formado, originalmente, por um grupo de docentes dos departamentos de Psicologia e de Educa\u00e7\u00e3o do Campus de Corumb\u00e1, que vem discutindo, estudando, pesquisando e prestando servi\u00e7os sobre temas relacionados \u00e0 inf\u00e2ncia e \u00e0 adolesc\u00eancia. Desde o ano de 1994, o grupo de pesquisa desenvolve seus projetos no Centro de Refer\u00eancia de Estudos da Inf\u00e2ncia e Adolesc\u00eancia &#8211; CREIA &#8211; implantado atrav\u00e9s de conv\u00eanio firmado entre a Universidade Federal de Mato Grosso do Sul &#8211; UFMS e o extinto Centro Brasileiro para a Inf\u00e2ncia e Adolesc\u00eancia &#8211; CBIA. Atualmente, assessora organismos como o Conselho Municipal dos Direitos da Inf\u00e2ncia e Adolesc\u00eancia, o Conselho Municipal de Entorpecentes, a Secretaria de Promo\u00e7\u00e3o Humana e Inclus\u00e3o Social, no munic\u00edpio de Corumb\u00e1, na elabora\u00e7\u00e3o e avalia\u00e7\u00e3o de programas e projetos ligados \u00e0 inf\u00e2ncia e \u00e0 adolesc\u00eancia. No ano de 1995, o CREIA iniciou a publica\u00e7\u00e3o de uma revista &#8211; Revista Re-Cria\u00e7\u00e3o, que desde 1998 tem periodicidade semestral. Em 2003, o CREIA foi convidado a assessorar a equipe da Escola de Conselhos &#8211; UFMS, na elabora\u00e7\u00e3o da matriz pedag\u00f3gica do Programa de A\u00e7\u00f5es Integradas e Referenciais de Enfretamento \u00e0 Viol\u00eancia Sexual Infanto-Juvenil no Territ\u00f3rio Brasileiro &#8211; PAIR &#8211; fruto de conv\u00eanio assinado pela Secretaria Especial de Direitos Humanos da Presid\u00eancia da Rep\u00fablica e Ag\u00eancia Americana para o Desenvolvimento Internacional &#8211; USAID, representada pelo POMMAR &#8211; Partners of The Americas. Em 2004, o CREIA firmou conv\u00eanio com a Organiza\u00e7\u00e3o Internacional do Trabalho &#8211; OIT, para continuidade das a\u00e7\u00f5es de enfrentamento \u00e0 explora\u00e7\u00e3o sexual, no munic\u00edpio de Corumb\u00e1. Em 2008, foi proposto, implantado e recomendado o Programa de P\u00f3s-gradua\u00e7\u00e3o em Educa\u00e7\u00e3o (n\u00edvel Mestrado), com \u00e1rea de concentra\u00e7\u00e3o em Educa\u00e7\u00e3o Social, no Campus de Corumb\u00e1-UFMS.<\/p>\n<p>&nbsp;<\/p>\n<p><strong>Estudos e Pesquisas em Educa\u00e7\u00e3o Especial (UEL)<\/strong><\/p>\n<p>Endere\u00e7o para acessar espelho do grupo: <a href=\"http:\/\/dgp.cnpq.br\/dgp\/espelhogrupo\/3920809380051628\" target=\"_blank\" rel=\"noopener\">dgp.cnpq.br\/dgp\/espelhogrupo\/3920809380051628<\/a><\/p>\n<p>L\u00edder: Silvia M\u00e1rcia Ferreira Meletti<\/p>\n<p>Desenvolvimento de investiga\u00e7\u00f5es em educa\u00e7\u00e3o especial prioritariamente no que se refere \u00e0 inclus\u00e3o e aos processos de escolariza\u00e7\u00e3o de pessoas com necessidades educacionais especiais no sistema regular de ensino. As atividades realizadas pelo grupo se referem \u00e0 orienta\u00e7\u00e3o de alunos da gradua\u00e7\u00e3o em pedagogia e em psicologia (TCC e IC) e do mestrado em educa\u00e7\u00e3o da UEL e ao desenvolvimento de investiga\u00e7\u00f5es sobre a tem\u00e1tica proposta. Os resultados das pesquisas desenvolvidas pelo grupo est\u00e3o divulgados em eventos cient\u00edficos, livros e peri\u00f3dicos da \u00e1rea da educa\u00e7\u00e3o e da educa\u00e7\u00e3o especial. O Grupo mant\u00e9m interlocu\u00e7\u00e3o permanente com pesquisadores da PUC-SP, UFSCar, UFMS, UFSC e UNICAMP com os quais desenvolve a pesquisa em rede Observat\u00f3rio da Educa\u00e7\u00e3o.<\/p>\n<p>&nbsp;<\/p>\n<p><strong>GEPETO &#8211; Grupo de Estudos de Pol\u00edtica Educacional e Trabalho (UFSC)<\/strong><\/p>\n<p>Endere\u00e7o para acessar o espelho do grupo: <a href=\"http:\/\/dgp.cnpq.br\/dgp\/espelhogrupo\/1677510607966478\" target=\"_blank\" rel=\"noopener\">dgp.cnpq.br\/dgp\/espelhogrupo\/1677510607966478<\/a><\/p>\n<p>P\u00e1gina web:\u00a0<a href=\"http:\/\/gepeto.ced.ufsc.br\/\" target=\"_blank\" rel=\"noopener\">http:\/\/gepeto.ced.ufsc.br\/<\/a><\/p>\n<p>L\u00edderes: Eneida Oto Shiroma e Rosalba Maria Cardoso Garcia<\/p>\n<p>O GEPETO desenvolve pesquisas relativas \u00e0s pol\u00edticas educacionais para a educa\u00e7\u00e3o, particularmente ap\u00f3s a d\u00e9cada de 1990. Entre os pa\u00edses estudados, al\u00e9m do Brasil, est\u00e3o Argentina, Chile, Uruguai, Fran\u00e7a, Portugal, Espanha, Mo\u00e7ambique, Timor Leste e Inglaterra. Organiza-se em quatro linhas de pesquisa: Trabalho, educa\u00e7\u00e3o e gest\u00e3o; Educa\u00e7\u00e3o e Inclus\u00e3o; Forma\u00e7\u00e3o de educadores; Pol\u00edticas p\u00fablicas educacionais. Tem substantiva produ\u00e7\u00e3o publicada sob a forma de artigos, cap\u00edtulos de livros, trabalhos completos em congressos e livros. Organiza livros e peri\u00f3dicos e oferece forma\u00e7\u00e3o \u00e0 rede p\u00fablica. Publicou SHIROMA, E. et al. Pol\u00edtica Educacional (4\u00aa ed). RJ: Lamparina, 2007; MICHELS, M.H. et al (Org.) Pr\u00e1ticas pedag\u00f3gicas: pol\u00edtica, curr\u00edculo e espa\u00e7o escolar. Participa do Observat\u00f3rio da Educa\u00e7\u00e3o\/CAPES (UFSCar, UEL, UFMS, UNICAMP). Colabora na pesquisa Transnational dynamics in quality assurance and evaluation politics of basic education in Brazil, China, Russia, com KUPOLI\/Helsinque.<\/p>\n<p>&nbsp;<\/p>\n<p><strong>N\u00facleo de Estudos e Pesquisas em Direito \u00e0 Educa\u00e7\u00e3o &#8211; Educa\u00e7\u00e3o Especial (UFSCar-Sorocaba)<\/strong><\/p>\n<p>Endere\u00e7o para acessar o espelho do grupo: <a href=\"http:\/\/dgp.cnpq.br\/dgp\/espelhogrupo\/9490084710165060\" target=\"_blank\" rel=\"noopener\">dgp.cnpq.br\/dgp\/espelhogrupo\/9490084710165060<\/a><\/p>\n<p>P\u00e1gina web:\u00a0<a href=\"http:\/\/www.nepedeees.ufscar.br\/\" target=\"_blank\" rel=\"noopener\">http:\/\/www.nepedeees.ufscar.br\/<\/a><\/p>\n<p>L\u00edderes: Katia Regina Moreno Caiado e Heul\u00e1lia Charalo Rafante<\/p>\n<p>O \u201cN\u00facleo de Estudos e Pesquisas em Direito \u00e0 Educa\u00e7\u00e3o &#8211; Educa\u00e7\u00e3o Especial&#8221; \u00e9 formado por pesquisadores do Programa de P\u00f3s-Gradua\u00e7\u00e3o em Educa\u00e7\u00e3o Especial (UFSCar) e do Programa de P\u00f3s Gradua\u00e7\u00e3o em Educa\u00e7\u00e3o (Campus Sorocaba) e seus orientandos. Al\u00e9m de professores da rede p\u00fablica de ensino. Desenvolve projetos de pesquisa, extens\u00e3o e ensino na gradua\u00e7\u00e3o e p\u00f3s-gradua\u00e7\u00e3o. A tem\u00e1tica central de estudo \u00e9 o direito \u00e0 educa\u00e7\u00e3o das pessoas com defici\u00eancia, com foco na escola. As pesquisas do grupo versam sobre: forma\u00e7\u00e3o de professores, pol\u00edticas de educa\u00e7\u00e3o, interface com a educa\u00e7\u00e3o do campo e pr\u00e1ticas pedag\u00f3gicas em diferentes etapas, n\u00edveis e modalidades da educa\u00e7\u00e3o.<\/p>\n<p>&nbsp;<\/p>\n<p><strong>Processos de escolariza\u00e7\u00e3o, desigualdades sociais e diversidade cultural (PUC-SP)<\/strong><\/p>\n<p>Endere\u00e7o para acessar\u00a0espelho do grupo: <a href=\"http:\/\/dgp.cnpq.br\/dgp\/espelhogrupo\/6631855366441624\" target=\"_blank\" rel=\"noopener\">dgp.cnpq.br\/dgp\/espelhogrupo\/6631855366441624<\/a><\/p>\n<p>L\u00edderes: Jose Geraldo Silveira Bueno e Leda Maria de Oliveira Rodrigues<\/p>\n<p>Este Grupo de Pesquisa envolve permanentemente pesquisadores e estudantes da PUC\/SP, UEL, UFSCar, bem como outras institui\u00e7\u00f5es e pesquisadores nacionais e internacionais, especialmente por meio de interc\u00e2mbios de pesquisa e de est\u00e1gios de doutorado sandu\u00edche. Os membros do Grupo mant\u00eam interc\u00e2mbio com IES nacionais, com destaque para a USP, UNIFESP, UNITAL, UNESP, UFSC, UFMS; t\u00eam apresentado trabalhos e participado em comit\u00eas cient\u00edficos e organizacionais de eventos nacionais e internacionais; participam em conselhos editoriais ou s\u00e3o pareceristas ad-hoc de peri\u00f3dicos como &#8220;Cadernos de Pesquisa&#8221; (FCC), &#8220;Dist\u00farbios da Comunica\u00e7\u00e3o&#8221; (PUC\/SP), &#8220;Did\u00e1tica&#8221; (UNESP), &#8220;Teias&#8221; (UERJ), Educa\u00e7\u00e3o e Pesquisa (USP), &#8220;Ponto de Vista&#8221; (UFSC) Revista Brasileira de Educa\u00e7\u00e3o Especial e Revista Brasileira de Educa\u00e7\u00e3o\/ANPEd; prestam assessorias e consultorias a \u00f3rg\u00e3os e institui\u00e7\u00f5es como o MEC, SE\/PMSP, CAPES, CNPq, FAPESP, Funda\u00e7\u00e3o Ford, FACITEC-ES, SBPC.<\/p>\n<p>&nbsp;<\/p>\n<p>&nbsp;<\/p>\n","protected":false},"excerpt":{"rendered":"<p>&nbsp; Rede de Pesquisa em Educa\u00e7\u00e3o Especial de Mato Grosso do Sul: https:\/\/pesquisaeems.ufms.br\/ e\u00a0https:\/\/pesquisaeems.wordpress.com\/ &nbsp; Observat\u00f3rio da Educa\u00e7\u00e3o CAPES\/INEP:\u00a0http:\/\/comunidades.capes.gov.br\/ &nbsp; Educa\u00e7\u00e3o e Cidadania (UFMS\/CPAN) Endere\u00e7o para acessar\u00a0espelho do grupo: dgp.cnpq.br\/dgp\/espelhogrupo\/3888236649541593 P\u00e1gina web:\u00a0http:\/\/creia.sites.ufms.br\/ L\u00edder: M\u00f4nica de Carvalho Magalh\u00e3es Kassar O Grupo de Pesquisa Educa\u00e7\u00e3o e Cidadania foi formado, originalmente, por um grupo de docentes dos departamentos [&hellip;]<\/p>\n","protected":false},"author":3,"featured_media":0,"comment_status":"closed","ping_status":"open","sticky":false,"template":"","format":"standard","meta":[],"categories":[4],"tags":[],"_links":{"self":[{"href":"https:\/\/ppeees-cpan.ufms.br\/index.php?rest_route=\/wp\/v2\/posts\/155"}],"collection":[{"href":"https:\/\/ppeees-cpan.ufms.br\/index.php?rest_route=\/wp\/v2\/posts"}],"about":[{"href":"https:\/\/ppeees-cpan.ufms.br\/index.php?rest_route=\/wp\/v2\/types\/post"}],"author":[{"embeddable":true,"href":"https:\/\/ppeees-cpan.ufms.br\/index.php?rest_route=\/wp\/v2\/users\/3"}],"replies":[{"embeddable":true,"href":"https:\/\/ppeees-cpan.ufms.br\/index.php?rest_route=%2Fwp%2Fv2%2Fcomments&post=155"}],"version-history":[{"count":20,"href":"https:\/\/ppeees-cpan.ufms.br\/index.php?rest_route=\/wp\/v2\/posts\/155\/revisions"}],"predecessor-version":[{"id":1761,"href":"https:\/\/ppeees-cpan.ufms.br\/index.php?rest_route=\/wp\/v2\/posts\/155\/revisions\/1761"}],"wp:attachment":[{"href":"https:\/\/ppeees-cpan.ufms.br\/index.php?rest_route=%2Fwp%2Fv2%2Fmedia&parent=155"}],"wp:term":[{"taxonomy":"category","embeddable":true,"href":"https:\/\/ppeees-cpan.ufms.br\/index.php?rest_route=%2Fwp%2Fv2%2Fcategories&post=155"},{"taxonomy":"post_tag","embeddable":true,"href":"https:\/\/ppeees-cpan.ufms.br\/index.php?rest_route=%2Fwp%2Fv2%2Ftags&post=155"}],"curies":[{"name":"wp","href":"https:\/\/api.w.org\/{rel}","templated":true}]}}