{"id":296,"date":"2016-02-07T13:43:09","date_gmt":"2016-02-07T13:43:09","guid":{"rendered":"http:\/\/ppeees.ufms.br\/?p=296"},"modified":"2023-04-14T12:30:24","modified_gmt":"2023-04-14T12:30:24","slug":"trabalhos-de-conclusao-de-curso-ufscar","status":"publish","type":"post","link":"https:\/\/ppeees-cpan.ufms.br\/?p=296","title":{"rendered":"Trabalhos de Conclus\u00e3o de Curso &#8211; UFSCar"},"content":{"rendered":"<p><a href=\"http:\/\/ppeees-cpan.ufms.br\/wp-content\/uploads\/2016\/02\/Camila-Kawamura.pdf\" target=\"_blank\" rel=\"noopener\">KAWAMURA, Camila Yukari. <strong>A educa\u00e7\u00e3o especial no munic\u00edpio de S\u00e3o Carlos:\u00a0An\u00e1lise das matr\u00edculas de alunos com defici\u00eancia da educa\u00e7\u00e3o b\u00e1sica na cidade e no campo<\/strong>. 2013. Monografia (Licenciatura em Educa\u00e7\u00e3o Especial). Universidade Federal de S\u00e3o Carlos, UFSCar, S\u00e3o Carlos (SP), 2013.<\/a><\/p>\n<p><a href=\"http:\/\/ppeees-cpan.ufms.br\/wp-content\/uploads\/2016\/02\/ANA-CAROLINA-MACALLI.pdf\" target=\"_blank\" rel=\"noopener\">MACALI, Ana Carolina. <strong>A educa\u00e7\u00e3o especial no munic\u00edpio de Boa Esperan\u00e7a do Sul\/ SP: uma an\u00e1lise das matr\u00edculas de alunos com defici\u00eancia no ensino regular<\/strong>. 2013. Monografia (Licenciatura em Educa\u00e7\u00e3o Especial). Universidade Federal de S\u00e3o Carlos, UFSCar, S\u00e3o Carlos (SP), 2013.<\/a><\/p>\n<p><a href=\"http:\/\/ppeees-cpan.ufms.br\/wp-content\/uploads\/2016\/02\/Nat\u00e1lia_Gomes_dos_Santos.pdf\" target=\"_blank\" rel=\"noopener\">SANTOS, Nat\u00e1lia Gomes dos. <strong>Educa\u00e7\u00e3o Especial no Brasil: retrato atual da Sociedade Pestalozzi (2011 \u2013 2012)<\/strong>. 2013. Monografia (Licenciatura em Educa\u00e7\u00e3o Especial). Universidade Federal de S\u00e3o Carlos, UFSCar, S\u00e3o Carlos (SP), 2013.<\/a><\/p>\n<p><a href=\"http:\/\/ppeees-cpan.ufms.br\/wp-content\/uploads\/2016\/02\/Sara-Selingardi.pdf\" target=\"_blank\" rel=\"noopener\">SELINGARDI, Sara de Almeida. <strong>A educa\u00e7\u00e3o especial do munic\u00edpio de S\u00e3o Jo\u00e3o da Boa Vista\/SP: analisando os indicadores educacionais<\/strong>. 2013. Monografia (Licenciatura em Educa\u00e7\u00e3o Especial). Universidade Federal de S\u00e3o Carlos, UFSCar, S\u00e3o Carlos (SP), 2013.<\/a><\/p>\n","protected":false},"excerpt":{"rendered":"<p>KAWAMURA, Camila Yukari. A educa\u00e7\u00e3o especial no munic\u00edpio de S\u00e3o Carlos:\u00a0An\u00e1lise das matr\u00edculas de alunos com defici\u00eancia da educa\u00e7\u00e3o b\u00e1sica na cidade e no campo. 2013. Monografia (Licenciatura em Educa\u00e7\u00e3o Especial). Universidade Federal de S\u00e3o Carlos, UFSCar, S\u00e3o Carlos (SP), 2013. MACALI, Ana Carolina. A educa\u00e7\u00e3o especial no munic\u00edpio de Boa Esperan\u00e7a do Sul\/ SP: [&hellip;]<\/p>\n","protected":false},"author":3,"featured_media":0,"comment_status":"closed","ping_status":"open","sticky":false,"template":"","format":"standard","meta":[],"categories":[13],"tags":[],"_links":{"self":[{"href":"https:\/\/ppeees-cpan.ufms.br\/index.php?rest_route=\/wp\/v2\/posts\/296"}],"collection":[{"href":"https:\/\/ppeees-cpan.ufms.br\/index.php?rest_route=\/wp\/v2\/posts"}],"about":[{"href":"https:\/\/ppeees-cpan.ufms.br\/index.php?rest_route=\/wp\/v2\/types\/post"}],"author":[{"embeddable":true,"href":"https:\/\/ppeees-cpan.ufms.br\/index.php?rest_route=\/wp\/v2\/users\/3"}],"replies":[{"embeddable":true,"href":"https:\/\/ppeees-cpan.ufms.br\/index.php?rest_route=%2Fwp%2Fv2%2Fcomments&post=296"}],"version-history":[{"count":3,"href":"https:\/\/ppeees-cpan.ufms.br\/index.php?rest_route=\/wp\/v2\/posts\/296\/revisions"}],"predecessor-version":[{"id":1777,"href":"https:\/\/ppeees-cpan.ufms.br\/index.php?rest_route=\/wp\/v2\/posts\/296\/revisions\/1777"}],"wp:attachment":[{"href":"https:\/\/ppeees-cpan.ufms.br\/index.php?rest_route=%2Fwp%2Fv2%2Fmedia&parent=296"}],"wp:term":[{"taxonomy":"category","embeddable":true,"href":"https:\/\/ppeees-cpan.ufms.br\/index.php?rest_route=%2Fwp%2Fv2%2Fcategories&post=296"},{"taxonomy":"post_tag","embeddable":true,"href":"https:\/\/ppeees-cpan.ufms.br\/index.php?rest_route=%2Fwp%2Fv2%2Ftags&post=296"}],"curies":[{"name":"wp","href":"https:\/\/api.w.org\/{rel}","templated":true}]}}