{"id":304,"date":"2016-02-07T14:01:43","date_gmt":"2016-02-07T14:01:43","guid":{"rendered":"http:\/\/ppeees.ufms.br\/?p=304"},"modified":"2023-04-14T12:30:35","modified_gmt":"2023-04-14T12:30:35","slug":"o-programa-de-pos-graduacao-em-educacao-ufsc","status":"publish","type":"post","link":"https:\/\/ppeees-cpan.ufms.br\/?p=304","title":{"rendered":"Programa de P\u00f3s-gradua\u00e7\u00e3o em Educa\u00e7\u00e3o &#8211; UFSC"},"content":{"rendered":"<p><a href=\"http:\/\/ppeees-cpan.ufms.br\/wp-content\/uploads\/2016\/02\/Brasao_UFSC_vertical_extenso.svg_.png\"><img decoding=\"async\" loading=\"lazy\" class=\"alignnone  wp-image-370\" src=\"http:\/\/ppeees-cpan.ufms.br\/wp-content\/uploads\/2016\/02\/Brasao_UFSC_vertical_extenso.svg_-300x296.png\" alt=\"Brasao_UFSC_vertical_extenso.svg\" width=\"206\" height=\"203\" srcset=\"https:\/\/ppeees-cpan.ufms.br\/wp-content\/uploads\/2016\/02\/Brasao_UFSC_vertical_extenso.svg_-300x296.png 300w, https:\/\/ppeees-cpan.ufms.br\/wp-content\/uploads\/2016\/02\/Brasao_UFSC_vertical_extenso.svg_-1024x1010.png 1024w, https:\/\/ppeees-cpan.ufms.br\/wp-content\/uploads\/2016\/02\/Brasao_UFSC_vertical_extenso.svg_.png 2000w\" sizes=\"(max-width: 206px) 100vw, 206px\" \/><\/a><\/p>\n<p>O Grupo de Pesquisa articula-se na <strong>Universidade Federal de Santa Catarina<\/strong>\u00a0por meio das pesquisas em pol\u00edticas de Educa\u00e7\u00e3o Especial desenvolvidas no <strong>Programa de P\u00f3s-gradua\u00e7\u00e3o em Educa\u00e7\u00e3o<\/strong>, em <strong>Florian\u00f3polis-SC<\/strong>.<\/p>\n<p>Conhe\u00e7a\u00a0o Programa:\u00a0<a href=\"http:\/\/ppge.ufsc.br\/\" target=\"_blank\" rel=\"noopener\">http:\/\/ppge.ufsc.br\/<\/a><\/p>\n<p>UFSC:\u00a0<a href=\"http:\/\/ufsc.br\/\" target=\"_blank\" rel=\"noopener\">http:\/\/ufsc.br\/<\/a><\/p>\n","protected":false},"excerpt":{"rendered":"<p>O Grupo de Pesquisa articula-se na Universidade Federal de Santa Catarina\u00a0por meio das pesquisas em pol\u00edticas de Educa\u00e7\u00e3o Especial desenvolvidas no Programa de P\u00f3s-gradua\u00e7\u00e3o em Educa\u00e7\u00e3o, em Florian\u00f3polis-SC. Conhe\u00e7a\u00a0o Programa:\u00a0http:\/\/ppge.ufsc.br\/ UFSC:\u00a0http:\/\/ufsc.br\/<\/p>\n","protected":false},"author":3,"featured_media":0,"comment_status":"closed","ping_status":"open","sticky":false,"template":"","format":"standard","meta":[],"categories":[8],"tags":[],"_links":{"self":[{"href":"https:\/\/ppeees-cpan.ufms.br\/index.php?rest_route=\/wp\/v2\/posts\/304"}],"collection":[{"href":"https:\/\/ppeees-cpan.ufms.br\/index.php?rest_route=\/wp\/v2\/posts"}],"about":[{"href":"https:\/\/ppeees-cpan.ufms.br\/index.php?rest_route=\/wp\/v2\/types\/post"}],"author":[{"embeddable":true,"href":"https:\/\/ppeees-cpan.ufms.br\/index.php?rest_route=\/wp\/v2\/users\/3"}],"replies":[{"embeddable":true,"href":"https:\/\/ppeees-cpan.ufms.br\/index.php?rest_route=%2Fwp%2Fv2%2Fcomments&post=304"}],"version-history":[{"count":5,"href":"https:\/\/ppeees-cpan.ufms.br\/index.php?rest_route=\/wp\/v2\/posts\/304\/revisions"}],"predecessor-version":[{"id":1770,"href":"https:\/\/ppeees-cpan.ufms.br\/index.php?rest_route=\/wp\/v2\/posts\/304\/revisions\/1770"}],"wp:attachment":[{"href":"https:\/\/ppeees-cpan.ufms.br\/index.php?rest_route=%2Fwp%2Fv2%2Fmedia&parent=304"}],"wp:term":[{"taxonomy":"category","embeddable":true,"href":"https:\/\/ppeees-cpan.ufms.br\/index.php?rest_route=%2Fwp%2Fv2%2Fcategories&post=304"},{"taxonomy":"post_tag","embeddable":true,"href":"https:\/\/ppeees-cpan.ufms.br\/index.php?rest_route=%2Fwp%2Fv2%2Ftags&post=304"}],"curies":[{"name":"wp","href":"https:\/\/api.w.org\/{rel}","templated":true}]}}