{"id":307,"date":"2016-02-07T14:09:56","date_gmt":"2016-02-07T14:09:56","guid":{"rendered":"http:\/\/ppeees.ufms.br\/?p=307"},"modified":"2023-04-14T12:30:35","modified_gmt":"2023-04-14T12:30:35","slug":"programa-de-pos-graduacao-em-educacao-e-educacao-especial-ufscar","status":"publish","type":"post","link":"https:\/\/ppeees-cpan.ufms.br\/?p=307","title":{"rendered":"Programa de P\u00f3s-gradua\u00e7\u00e3o em Educa\u00e7\u00e3o e Educa\u00e7\u00e3o Especial &#8211; UFSCar"},"content":{"rendered":"<p><a href=\"http:\/\/ppeees-cpan.ufms.br\/wp-content\/uploads\/2016\/02\/logoufscartrans.png\"><img decoding=\"async\" loading=\"lazy\" class=\"alignnone size-full wp-image-308\" src=\"http:\/\/ppeees-cpan.ufms.br\/wp-content\/uploads\/2016\/02\/logoufscartrans.png\" alt=\"logoufscartrans\" width=\"180\" height=\"131\" \/><\/a><\/p>\n<p>O Grupo de Pesquisa articula-se na <strong>Universidade Federal de S\u00e3o Carlos<\/strong>\u00a0por meio das pesquisas em pol\u00edticas de Educa\u00e7\u00e3o Especial desenvolvidas no <strong>Programa de P\u00f3s-gradua\u00e7\u00e3o em Educa\u00e7\u00e3o Especial<\/strong> (\u00c1rea de concentra\u00e7\u00e3o Educa\u00e7\u00e3o do Indiv\u00edduo Especial) em <strong>S\u00e3o Carlos-SP<\/strong>, e no <strong>Programa de P\u00f3s-gradua\u00e7\u00e3o em Educa\u00e7\u00e3o<\/strong> em <strong>Sorocaba-SP<\/strong>.<\/p>\n<p>Mestrado em Educa\u00e7\u00e3o UFSCar\/Sorocaba:\u00a0<a href=\"http:\/\/www.ppged.ufscar.br\/\" target=\"_blank\" rel=\"noopener\">http:\/\/www.ppged.ufscar.br\/<\/a><\/p>\n<p>Mestrado e Doutorado em Educa\u00e7\u00e3o Especial (S\u00e3o Carlos): <a href=\"http:\/\/www.ppgees.ufscar.br\/\" target=\"_blank\" rel=\"noopener\">http:\/\/www.ppgees.ufscar.br\/<\/a><\/p>\n<p>UFSCar:\u00a0<a href=\"http:\/\/www2.ufscar.br\/home\/index.php\" target=\"_blank\" rel=\"noopener\">http:\/\/www2.ufscar.br\/home\/index.php<\/a><\/p>\n","protected":false},"excerpt":{"rendered":"<p>O Grupo de Pesquisa articula-se na Universidade Federal de S\u00e3o Carlos\u00a0por meio das pesquisas em pol\u00edticas de Educa\u00e7\u00e3o Especial desenvolvidas no Programa de P\u00f3s-gradua\u00e7\u00e3o em Educa\u00e7\u00e3o Especial (\u00c1rea de concentra\u00e7\u00e3o Educa\u00e7\u00e3o do Indiv\u00edduo Especial) em S\u00e3o Carlos-SP, e no Programa de P\u00f3s-gradua\u00e7\u00e3o em Educa\u00e7\u00e3o em Sorocaba-SP. Mestrado em Educa\u00e7\u00e3o UFSCar\/Sorocaba:\u00a0http:\/\/www.ppged.ufscar.br\/ Mestrado e Doutorado em Educa\u00e7\u00e3o [&hellip;]<\/p>\n","protected":false},"author":3,"featured_media":0,"comment_status":"closed","ping_status":"open","sticky":false,"template":"","format":"standard","meta":[],"categories":[11],"tags":[],"_links":{"self":[{"href":"https:\/\/ppeees-cpan.ufms.br\/index.php?rest_route=\/wp\/v2\/posts\/307"}],"collection":[{"href":"https:\/\/ppeees-cpan.ufms.br\/index.php?rest_route=\/wp\/v2\/posts"}],"about":[{"href":"https:\/\/ppeees-cpan.ufms.br\/index.php?rest_route=\/wp\/v2\/types\/post"}],"author":[{"embeddable":true,"href":"https:\/\/ppeees-cpan.ufms.br\/index.php?rest_route=\/wp\/v2\/users\/3"}],"replies":[{"embeddable":true,"href":"https:\/\/ppeees-cpan.ufms.br\/index.php?rest_route=%2Fwp%2Fv2%2Fcomments&post=307"}],"version-history":[{"count":3,"href":"https:\/\/ppeees-cpan.ufms.br\/index.php?rest_route=\/wp\/v2\/posts\/307\/revisions"}],"predecessor-version":[{"id":1771,"href":"https:\/\/ppeees-cpan.ufms.br\/index.php?rest_route=\/wp\/v2\/posts\/307\/revisions\/1771"}],"wp:attachment":[{"href":"https:\/\/ppeees-cpan.ufms.br\/index.php?rest_route=%2Fwp%2Fv2%2Fmedia&parent=307"}],"wp:term":[{"taxonomy":"category","embeddable":true,"href":"https:\/\/ppeees-cpan.ufms.br\/index.php?rest_route=%2Fwp%2Fv2%2Fcategories&post=307"},{"taxonomy":"post_tag","embeddable":true,"href":"https:\/\/ppeees-cpan.ufms.br\/index.php?rest_route=%2Fwp%2Fv2%2Ftags&post=307"}],"curies":[{"name":"wp","href":"https:\/\/api.w.org\/{rel}","templated":true}]}}