{"id":310,"date":"2016-02-07T14:18:44","date_gmt":"2016-02-07T14:18:44","guid":{"rendered":"http:\/\/ppeees.ufms.br\/?p=310"},"modified":"2023-04-14T12:30:35","modified_gmt":"2023-04-14T12:30:35","slug":"310","status":"publish","type":"post","link":"https:\/\/ppeees-cpan.ufms.br\/?p=310","title":{"rendered":"Programa de P\u00f3s-gradua\u00e7\u00e3o Sa\u00fade, Interdisciplinaridade e Reabilita\u00e7\u00e3o &#8211; UNICAMP"},"content":{"rendered":"<p><a href=\"http:\/\/ppeees-cpan.ufms.br\/wp-content\/uploads\/2016\/02\/Logo_Unicamp.jpg\"><img decoding=\"async\" loading=\"lazy\" class=\"alignnone  wp-image-311\" src=\"http:\/\/ppeees-cpan.ufms.br\/wp-content\/uploads\/2016\/02\/Logo_Unicamp-300x288.jpg\" alt=\"Logo_Unicamp\" width=\"171\" height=\"164\" srcset=\"https:\/\/ppeees-cpan.ufms.br\/wp-content\/uploads\/2016\/02\/Logo_Unicamp-300x288.jpg 300w, https:\/\/ppeees-cpan.ufms.br\/wp-content\/uploads\/2016\/02\/Logo_Unicamp.jpg 460w\" sizes=\"(max-width: 171px) 100vw, 171px\" \/><\/a><\/p>\n<p>O Grupo de Pesquisa articula-se na <strong>Universidade Estadual de Campinas<\/strong>\u00a0por meio das pesquisas em pol\u00edticas de Educa\u00e7\u00e3o Especial desenvolvidas no <strong>Programa de P\u00f3s-gradua\u00e7\u00e3o Sa\u00fade, Interdisciplinaridade e Reabilita\u00e7\u00e3o<\/strong>\u00a0(Faculdade de Ci\u00eancias M\u00e9dicas), em <strong>Campinas-SP<\/strong>.<\/p>\n<p>Conhe\u00e7a\u00a0o Programa:\u00a0<a href=\"http:\/\/www.fcm.unicamp.br\/fcm\/pos-graduacao-em-saude-interdisciplinaridade-e-reabilitacao\" target=\"_blank\" rel=\"noopener\">http:\/\/www.fcm.unicamp.br\/fcm\/pos-graduacao-em-saude-interdisciplinaridade-e-reabilitacao<\/a><\/p>\n<p>UNICAMP:\u00a0<a href=\"http:\/\/www.unicamp.br\/unicamp\/\" target=\"_blank\" rel=\"noopener\">http:\/\/www.unicamp.br\/unicamp\/<\/a><\/p>\n","protected":false},"excerpt":{"rendered":"<p>O Grupo de Pesquisa articula-se na Universidade Estadual de Campinas\u00a0por meio das pesquisas em pol\u00edticas de Educa\u00e7\u00e3o Especial desenvolvidas no Programa de P\u00f3s-gradua\u00e7\u00e3o Sa\u00fade, Interdisciplinaridade e Reabilita\u00e7\u00e3o\u00a0(Faculdade de Ci\u00eancias M\u00e9dicas), em Campinas-SP. Conhe\u00e7a\u00a0o Programa:\u00a0http:\/\/www.fcm.unicamp.br\/fcm\/pos-graduacao-em-saude-interdisciplinaridade-e-reabilitacao UNICAMP:\u00a0http:\/\/www.unicamp.br\/unicamp\/<\/p>\n","protected":false},"author":3,"featured_media":0,"comment_status":"closed","ping_status":"open","sticky":false,"template":"","format":"standard","meta":[],"categories":[12],"tags":[],"_links":{"self":[{"href":"https:\/\/ppeees-cpan.ufms.br\/index.php?rest_route=\/wp\/v2\/posts\/310"}],"collection":[{"href":"https:\/\/ppeees-cpan.ufms.br\/index.php?rest_route=\/wp\/v2\/posts"}],"about":[{"href":"https:\/\/ppeees-cpan.ufms.br\/index.php?rest_route=\/wp\/v2\/types\/post"}],"author":[{"embeddable":true,"href":"https:\/\/ppeees-cpan.ufms.br\/index.php?rest_route=\/wp\/v2\/users\/3"}],"replies":[{"embeddable":true,"href":"https:\/\/ppeees-cpan.ufms.br\/index.php?rest_route=%2Fwp%2Fv2%2Fcomments&post=310"}],"version-history":[{"count":7,"href":"https:\/\/ppeees-cpan.ufms.br\/index.php?rest_route=\/wp\/v2\/posts\/310\/revisions"}],"predecessor-version":[{"id":1772,"href":"https:\/\/ppeees-cpan.ufms.br\/index.php?rest_route=\/wp\/v2\/posts\/310\/revisions\/1772"}],"wp:attachment":[{"href":"https:\/\/ppeees-cpan.ufms.br\/index.php?rest_route=%2Fwp%2Fv2%2Fmedia&parent=310"}],"wp:term":[{"taxonomy":"category","embeddable":true,"href":"https:\/\/ppeees-cpan.ufms.br\/index.php?rest_route=%2Fwp%2Fv2%2Fcategories&post=310"},{"taxonomy":"post_tag","embeddable":true,"href":"https:\/\/ppeees-cpan.ufms.br\/index.php?rest_route=%2Fwp%2Fv2%2Ftags&post=310"}],"curies":[{"name":"wp","href":"https:\/\/api.w.org\/{rel}","templated":true}]}}