{"id":320,"date":"2016-02-07T16:37:02","date_gmt":"2016-02-07T16:37:02","guid":{"rendered":"http:\/\/ppeees.ufms.br\/?p=320"},"modified":"2023-04-14T12:30:35","modified_gmt":"2023-04-14T12:30:35","slug":"relatorios-pibic","status":"publish","type":"post","link":"https:\/\/ppeees-cpan.ufms.br\/?p=320","title":{"rendered":"Relat\u00f3rios PIBIC &#8211; UNICAMP"},"content":{"rendered":"<p>CANDIANI, Camila. <strong>An\u00e1lise de micro-dados de munic\u00edpios paulistas: Educa\u00e7\u00e3o Especial<\/strong>. 2012. Inicia\u00e7\u00e3o Cient\u00edfica. (Gradua\u00e7\u00e3o em Fonoaudiologia) &#8211; Universidade Estadual de Campinas, Coordena\u00e7\u00e3o de Aperfei\u00e7oamento de Pessoal de N\u00edvel Superior. Orientador: Adriana Lia Friszman de Laplane.<\/p>\n<p>PIEGO, Deborah. <strong>Dados de educa\u00e7\u00e3o especial em Campinas: Autismo<\/strong>. 2013. Inicia\u00e7\u00e3o Cient\u00edfica. (Gradua\u00e7\u00e3o em Fonoaudiologia) &#8211; Universidade Estadual de Campinas, Coordena\u00e7\u00e3o de Aperfei\u00e7oamento de Pessoal de N\u00edvel Superior.\u00a0Orientador: Adriana Lia Friszman de Laplane.<\/p>\n<p>POMILIO, Ana Lacerda. <strong>An\u00e1lise de micro-dados de munic\u00edpios paulistas: Educa\u00e7\u00e3o Especial<\/strong>. 2012. Inicia\u00e7\u00e3o Cient\u00edfica. (Gradua\u00e7\u00e3o em Estat\u00edstica) &#8211; Universidade Estadual de Campinas, Coordena\u00e7\u00e3o de Aperfei\u00e7oamento de Pessoal de N\u00edvel Superior.\u00a0Orientador: Adriana Lia Friszman de Laplane.<\/p>\n","protected":false},"excerpt":{"rendered":"<p>CANDIANI, Camila. An\u00e1lise de micro-dados de munic\u00edpios paulistas: Educa\u00e7\u00e3o Especial. 2012. Inicia\u00e7\u00e3o Cient\u00edfica. (Gradua\u00e7\u00e3o em Fonoaudiologia) &#8211; Universidade Estadual de Campinas, Coordena\u00e7\u00e3o de Aperfei\u00e7oamento de Pessoal de N\u00edvel Superior. Orientador: Adriana Lia Friszman de Laplane. PIEGO, Deborah. Dados de educa\u00e7\u00e3o especial em Campinas: Autismo. 2013. Inicia\u00e7\u00e3o Cient\u00edfica. (Gradua\u00e7\u00e3o em Fonoaudiologia) &#8211; Universidade Estadual de Campinas, [&hellip;]<\/p>\n","protected":false},"author":3,"featured_media":0,"comment_status":"closed","ping_status":"open","sticky":false,"template":"","format":"standard","meta":[],"categories":[22],"tags":[],"_links":{"self":[{"href":"https:\/\/ppeees-cpan.ufms.br\/index.php?rest_route=\/wp\/v2\/posts\/320"}],"collection":[{"href":"https:\/\/ppeees-cpan.ufms.br\/index.php?rest_route=\/wp\/v2\/posts"}],"about":[{"href":"https:\/\/ppeees-cpan.ufms.br\/index.php?rest_route=\/wp\/v2\/types\/post"}],"author":[{"embeddable":true,"href":"https:\/\/ppeees-cpan.ufms.br\/index.php?rest_route=\/wp\/v2\/users\/3"}],"replies":[{"embeddable":true,"href":"https:\/\/ppeees-cpan.ufms.br\/index.php?rest_route=%2Fwp%2Fv2%2Fcomments&post=320"}],"version-history":[{"count":5,"href":"https:\/\/ppeees-cpan.ufms.br\/index.php?rest_route=\/wp\/v2\/posts\/320\/revisions"}],"predecessor-version":[{"id":349,"href":"https:\/\/ppeees-cpan.ufms.br\/index.php?rest_route=\/wp\/v2\/posts\/320\/revisions\/349"}],"wp:attachment":[{"href":"https:\/\/ppeees-cpan.ufms.br\/index.php?rest_route=%2Fwp%2Fv2%2Fmedia&parent=320"}],"wp:term":[{"taxonomy":"category","embeddable":true,"href":"https:\/\/ppeees-cpan.ufms.br\/index.php?rest_route=%2Fwp%2Fv2%2Fcategories&post=320"},{"taxonomy":"post_tag","embeddable":true,"href":"https:\/\/ppeees-cpan.ufms.br\/index.php?rest_route=%2Fwp%2Fv2%2Ftags&post=320"}],"curies":[{"name":"wp","href":"https:\/\/api.w.org\/{rel}","templated":true}]}}