{"id":324,"date":"2016-02-07T16:55:55","date_gmt":"2016-02-07T16:55:55","guid":{"rendered":"http:\/\/ppeees.ufms.br\/?p=324"},"modified":"2023-04-14T12:30:24","modified_gmt":"2023-04-14T12:30:24","slug":"tccs","status":"publish","type":"post","link":"https:\/\/ppeees-cpan.ufms.br\/?p=324","title":{"rendered":"Trabalhos de Conclus\u00e3o de Curso &#8211; UEL"},"content":{"rendered":"<p>GERMANO, J\u00e9ssica. <strong>Censo da educa\u00e7\u00e3o b\u00e1sica e doc\u00eancia: uma an\u00e1lise dos indicadores sobre professores com defici\u00eancia no estado do Paran\u00e1<\/strong>. 2015. Trabalho de Conclus\u00e3o de Curso. (Gradua\u00e7\u00e3o em Pedagogia) &#8211; Universidade Estadual de Londrina, Coordena\u00e7\u00e3o de Aperfei\u00e7oamento de Pessoal de N\u00edvel Superior. Orientador: Silvia M\u00e1rcia Ferreira Meletti.<\/p>\n<p>BUENO, Almerinda Martins de Oliveira. <strong>A trajet\u00f3ria escolar de alunos com defici\u00eancia matriculados em classes especiais: uma an\u00e1lise dos indicadores da educa\u00e7\u00e3o de 2009 a 2013<\/strong>. 2015. Trabalho de Conclus\u00e3o de Curso. (Gradua\u00e7\u00e3o em Pedagogia) &#8211; Universidade Estadual de Londrina, Funda\u00e7\u00e3o Arauc\u00e1ria: fomento \u00e0 pesquisa paranaense. Orientador: Silvia M\u00e1rcia Ferreira Meletti.<\/p>\n<p>RIBEIRO, Adriano de Oliveira. E<strong>scolariza\u00e7\u00e3o de alunos com defici\u00eancia intelectual e m\u00faltipla no Paran\u00e1: uma an\u00e1lise da transi\u00e7\u00e3o das institui\u00e7\u00f5es especiais para escola de educa\u00e7\u00e3o b\u00e1sica na modalidade de educa\u00e7\u00e3o especial<\/strong>. 2014. Trabalho de Conclus\u00e3o de Curso. (Gradua\u00e7\u00e3o em Pedagogia) &#8211; Universidade Estadual de Londrina. Orientador: Silvia M\u00e1rcia Ferreira Meletti.<\/p>\n<p>BOTARELI, Dieime. <strong>O estado da arte da pesquisa sobre a defici\u00eancia mental (2008-2013): um estudo introdut\u00f3rio no banco de dados do Scielo<\/strong>. 2014. Trabalho de Conclus\u00e3o de Curso. (Gradua\u00e7\u00e3o em Pedagogia) &#8211; Universidade Estadual de Londrina, Coordena\u00e7\u00e3o de Aperfei\u00e7oamento de Pessoal de N\u00edvel Superior. Orientador: Silvia M\u00e1rcia Ferreira Meletti.<\/p>\n<p>ROCHA, B\u00e1rbara. <strong>Trajet\u00f3ria escolar dos alunos com s\u00edndrome de down: uma an\u00e1lise dos indicadores educacionais em munic\u00edpios paranaenses<\/strong>. 2014. Trabalho de Conclus\u00e3o de Curso. (Gradua\u00e7\u00e3o em Pedagogia) &#8211; Universidade Estadual de Londrina, Coordena\u00e7\u00e3o de Aperfei\u00e7oamento de Pessoal de N\u00edvel Superior. Orientador: Silvia M\u00e1rcia Ferreira Meletti.<\/p>\n<p>SOUZA, Camila Cristina Ludovico de. <strong>A trajet\u00f3ria de alunos com autismo no munic\u00edpio de londrina: uma an\u00e1lise dos indicadores da educa\u00e7\u00e3o de 2007 a 2012<\/strong>. 2014. Trabalho de Conclus\u00e3o de Curso. (Gradua\u00e7\u00e3o em Pedagogia) &#8211; Universidade Estadual de Londrina, Coordena\u00e7\u00e3o de Aperfei\u00e7oamento de Pessoal de N\u00edvel Superior. Orientador: Silvia M\u00e1rcia Ferreira Meletti.<\/p>\n<p>JOANUSSI, Carina Oliveira. <strong>Literatura infantil e defici\u00eancia: uma an\u00e1lise da cristaliza\u00e7\u00e3o do desvio<\/strong>. 2014. Trabalho de Conclus\u00e3o de Curso. (Gradua\u00e7\u00e3o em Pedagogia) &#8211; Universidade Estadual de Londrina, Coordena\u00e7\u00e3o de Aperfei\u00e7oamento de Pessoal de N\u00edvel Superior. Orientador: Silvia M\u00e1rcia Ferreira Meletti.<\/p>\n<p>SILVA, Michelle Mayara Praxedes. <strong>Inclus\u00e3o de alunos com defici\u00eancia no sistema regular de ensino: uma an\u00e1lise das publica\u00e7\u00f5es da Revista Nova Escola<\/strong>. 2010. Trabalho de Conclus\u00e3o de Curso. (Gradua\u00e7\u00e3o em Pedagogia) &#8211; Universidade Estadual de Londrina. Orientador: Silvia M\u00e1rcia Ferreira Meletti.<\/p>\n<p>PETRUCCI, Aline. <strong>Inclus\u00e3o de alunos com defici\u00eancia na educa\u00e7\u00e3o infantil<\/strong>. 2010. Trabalho de Conclus\u00e3o de Curso. (Gradua\u00e7\u00e3o em Pedagogia) &#8211; Universidade Estadual de Londrina. Orientador: Silvia M\u00e1rcia Ferreira Meletti.<\/p>\n<p>MOURA, Mariana Lopes de. <strong>Inclus\u00e3o de alunos com S\u00edndrome de Down no estado do Paran\u00e1: uma an\u00e1lise de indicadores educacionais<\/strong>. 2010. Trabalho de Conclus\u00e3o de Curso. (Gradua\u00e7\u00e3o em Pedagogia) &#8211; Universidade Estadual de Londrina. Orientador: Silvia M\u00e1rcia Ferreira Meletti.<\/p>\n<p>LIDUENHA, Ta\u00edsa Grasiela Gomes. <strong>Percurso escolar de alunos da educa\u00e7\u00e3o de jovens e adultos egressos de classe especial<\/strong>. 2009. Trabalho de Conclus\u00e3o de Curso. (Gradua\u00e7\u00e3o em Pedagogia) &#8211; Universidade Estadual de Londrina. Orientador: Silvia M\u00e1rcia Ferreira Meletti.<\/p>\n<p>&nbsp;<\/p>\n","protected":false},"excerpt":{"rendered":"<p>GERMANO, J\u00e9ssica. Censo da educa\u00e7\u00e3o b\u00e1sica e doc\u00eancia: uma an\u00e1lise dos indicadores sobre professores com defici\u00eancia no estado do Paran\u00e1. 2015. Trabalho de Conclus\u00e3o de Curso. (Gradua\u00e7\u00e3o em Pedagogia) &#8211; Universidade Estadual de Londrina, Coordena\u00e7\u00e3o de Aperfei\u00e7oamento de Pessoal de N\u00edvel Superior. Orientador: Silvia M\u00e1rcia Ferreira Meletti. BUENO, Almerinda Martins de Oliveira. A trajet\u00f3ria escolar [&hellip;]<\/p>\n","protected":false},"author":3,"featured_media":0,"comment_status":"closed","ping_status":"open","sticky":false,"template":"","format":"standard","meta":[],"categories":[13],"tags":[],"_links":{"self":[{"href":"https:\/\/ppeees-cpan.ufms.br\/index.php?rest_route=\/wp\/v2\/posts\/324"}],"collection":[{"href":"https:\/\/ppeees-cpan.ufms.br\/index.php?rest_route=\/wp\/v2\/posts"}],"about":[{"href":"https:\/\/ppeees-cpan.ufms.br\/index.php?rest_route=\/wp\/v2\/types\/post"}],"author":[{"embeddable":true,"href":"https:\/\/ppeees-cpan.ufms.br\/index.php?rest_route=\/wp\/v2\/users\/3"}],"replies":[{"embeddable":true,"href":"https:\/\/ppeees-cpan.ufms.br\/index.php?rest_route=%2Fwp%2Fv2%2Fcomments&post=324"}],"version-history":[{"count":4,"href":"https:\/\/ppeees-cpan.ufms.br\/index.php?rest_route=\/wp\/v2\/posts\/324\/revisions"}],"predecessor-version":[{"id":357,"href":"https:\/\/ppeees-cpan.ufms.br\/index.php?rest_route=\/wp\/v2\/posts\/324\/revisions\/357"}],"wp:attachment":[{"href":"https:\/\/ppeees-cpan.ufms.br\/index.php?rest_route=%2Fwp%2Fv2%2Fmedia&parent=324"}],"wp:term":[{"taxonomy":"category","embeddable":true,"href":"https:\/\/ppeees-cpan.ufms.br\/index.php?rest_route=%2Fwp%2Fv2%2Fcategories&post=324"},{"taxonomy":"post_tag","embeddable":true,"href":"https:\/\/ppeees-cpan.ufms.br\/index.php?rest_route=%2Fwp%2Fv2%2Ftags&post=324"}],"curies":[{"name":"wp","href":"https:\/\/api.w.org\/{rel}","templated":true}]}}