{"id":331,"date":"2016-02-07T17:13:15","date_gmt":"2016-02-07T17:13:15","guid":{"rendered":"http:\/\/ppeees.ufms.br\/?p=331"},"modified":"2023-04-14T12:30:35","modified_gmt":"2023-04-14T12:30:35","slug":"trabalhos-de-conclusao-de-curso-uel","status":"publish","type":"post","link":"https:\/\/ppeees-cpan.ufms.br\/?p=331","title":{"rendered":"Relat\u00f3rios PIBIC &#8211; UEL"},"content":{"rendered":"<p>SOUZA, Camila Cristina Ludovico de. <strong>Inclus\u00e3o de alunos com autismo no sistema municipal de ensino de Londrina PR<\/strong>. 2013. Inicia\u00e7\u00e3o Cient\u00edfica. (Gradua\u00e7\u00e3o em Pedagogia) &#8211; Universidade Estadual de Londrina, Funda\u00e7\u00e3o Arauc\u00e1ria: fomento \u00e0 pesquisa paranaense. Orientador: Silvia M\u00e1rcia Ferreira Meletti.<\/p>\n<p>JOANUSSI, Carina Oliveira. <strong>Inclus\u00e3o de alunos com defici\u00eancia nas salas de recurso multifuncionais em Londrina PR<\/strong>. 2013. Inicia\u00e7\u00e3o Cient\u00edfica. (Gradua\u00e7\u00e3o em Pedagogia) &#8211; Universidade Estadual de Londrina, Coordena\u00e7\u00e3o de Aperfei\u00e7oamento de Pessoal de N\u00edvel Superior. Orientador: Silvia M\u00e1rcia Ferreira Meletti.<\/p>\n<p>BOTARELI, Dieime de Souza. <strong>Atendimento Educacional Especializado no estado do PR: uma an\u00e1lise dos indicadores educacionais<\/strong>. 2013. Inicia\u00e7\u00e3o Cient\u00edfica. (Gradua\u00e7\u00e3o em Pedagogia) &#8211; Universidade Estadual de Londrina, Coordena\u00e7\u00e3o de Aperfei\u00e7oamento de Pessoal de N\u00edvel Superior. Orientador: Silvia M\u00e1rcia Ferreira Meletti.<\/p>\n<p>ROCHA, B\u00e1rbara. I<strong>nclus\u00e3o de alunos com defici\u00eancia no sistema regular de ensino<\/strong>. 2013. Inicia\u00e7\u00e3o Cient\u00edfica. (Gradua\u00e7\u00e3o em Pedagogia) &#8211; Universidade Estadual de Londrina, Conselho Nacional de Desenvolvimento Cient\u00edfico e Tecnol\u00f3gico. Orientador: Silvia M\u00e1rcia Ferreira Meletti.<\/p>\n<p>OLIVEIRA, Vitor Hugo. <strong>Avalia\u00e7\u00e3o em larga escala e o desempenho de alunos com defici\u00eancia no ENEM<\/strong>. 2012. Inicia\u00e7\u00e3o Cient\u00edfica. (Graduando em Pedagogia) &#8211; Universidade Estadual de Londrina, Conselho Nacional de Desenvolvimento Cient\u00edfico e Tecnol\u00f3gico. Orientador: Silvia M\u00e1rcia Ferreira Meletti.<\/p>\n<p>PRETI, Jessica de Lourdes. <strong>Pol\u00edtica de educa\u00e7\u00e3o especial e a implementa\u00e7\u00e3o do atendimento educacional especializado no estado do PR<\/strong>. 2012. Inicia\u00e7\u00e3o Cient\u00edfica. (Gradua\u00e7\u00e3o em Pedagogia) &#8211; Universidade Estadual de Londrina, Coordena\u00e7\u00e3o de Aperfei\u00e7oamento de Pessoal de N\u00edvel Superior. Orientador: Silvia M\u00e1rcia Ferreira Meletti.<\/p>\n<p>OLIVEIRA, Almerinda M. de. <strong>Inclus\u00e3o de alunos com transtornos globais de desenvolvimento no munic\u00edpio de Londrina PR<\/strong>. 2012. Inicia\u00e7\u00e3o Cient\u00edfica. (Gradua\u00e7\u00e3o em Pedagogia) &#8211; Universidade Estadual de Londrina, Funda\u00e7\u00e3o Arauc\u00e1ria: fomento \u00e0 pesquisa paranaense. Orientador: Silvia M\u00e1rcia Ferreira Meletti.<\/p>\n<p>ONOFRE, Elis Karen Rodrigues. <strong>Indicadores da educa\u00e7\u00e3o especial e a escolariza\u00e7\u00e3o de alunos com defici\u00eancia intelectual em institui\u00e7\u00f5es especiais<\/strong>. 2012. Inicia\u00e7\u00e3o Cient\u00edfica. (Gradua\u00e7\u00e3o em Pedagogia) &#8211; Universidade Estadual de Londrina, Coordena\u00e7\u00e3o de Aperfei\u00e7oamento de Pessoal de N\u00edvel Superior. Orientador: Silvia M\u00e1rcia Ferreira Meletti.<\/p>\n<p>OLIVEIRA, Vitor Hugo. <strong>Avalia\u00e7\u00e3o de larga escala: uma an\u00e1lise do rendimento de alunos com defici\u00eancia no ENEM<\/strong>. 2011. Inicia\u00e7\u00e3o Cient\u00edfica. (Gradua\u00e7\u00e3o em Pedagogia) &#8211; Universidade Estadual de Londrina, Conselho Nacional de Desenvolvimento Cient\u00edfico e Tecnol\u00f3gico. Orientador: Silvia M\u00e1rcia Ferreira Meletti.<\/p>\n<p>SILVA, Michelle Mayara Praxedes. <strong>Inclus\u00e3o do aluno cego no ensino regular<\/strong>. 2011. Inicia\u00e7\u00e3o Cient\u00edfica. (Gradua\u00e7\u00e3o\u00a0em Pedagogia) &#8211; Universidade Estadual de Londrina. Orientador: Silvia M\u00e1rcia Ferreira Meletti.<\/p>\n<p>BOTARELI, Dieime de Souza. <strong>Atendimento Educacional Especializado no estado do PR: uma an\u00e1lise dos indicadores educacionais<\/strong>. 2011. Inicia\u00e7\u00e3o Cient\u00edfica. (Gradua\u00e7\u00e3o em Pedagogia) &#8211; Universidade Estadual de Londrina, Coordena\u00e7\u00e3o de Aperfei\u00e7oamento de Pessoal de N\u00edvel Superior. Orientador: Silvia M\u00e1rcia Ferreira Meletti.<\/p>\n<p>JOANUSSI, Carina Oliveira. <strong>Indicadores da educa\u00e7\u00e3o especial e o atendimento educacional especializado em Londrina PR<\/strong>. 2011. Inicia\u00e7\u00e3o Cient\u00edfica. (Gradua\u00e7\u00e3o em Pedagogia) &#8211; Universidade Estadual de Londrina, Coordena\u00e7\u00e3o de Aperfei\u00e7oamento de Pessoal de N\u00edvel Superior. Orientador: Silvia M\u00e1rcia Ferreira Meletti.<\/p>\n<p>CORREA, Tha\u00edza de Carvalho. <strong>Trabalho em classes especiais para condutas t\u00edpicas na rede municipal de ensino de Londrina<\/strong>. 2010. Inicia\u00e7\u00e3o Cient\u00edfica. (Gradua\u00e7\u00e3o em Psicologia) &#8211; Universidade Estadual de Londrina, Funda\u00e7\u00e3o Arauc\u00e1ria: fomento \u00e0 pesquisa paranaense. Orientador: Silvia M\u00e1rcia Ferreira Meletti.<\/p>\n<p>GARDIN, Ivone G. M. <strong>Inclus\u00e3o de alunos com defici\u00eancia intelectual no sistema regular de ensino: uma an\u00e1lise dos indicadores da educa\u00e7\u00e3o<\/strong>. 2010. Inicia\u00e7\u00e3o Cient\u00edfica. (Gradua\u00e7\u00e3o em Pedagogia) &#8211; Universidade Estadual de Londrina, Coordena\u00e7\u00e3o de Aperfei\u00e7oamento de Pessoal de N\u00edvel Superior. Orientador: Silvia M\u00e1rcia Ferreira Meletti.<\/p>\n<p>MELLO, Sandra Regina. <strong>Indicadores da escolariza\u00e7\u00e3o de alunos com defici\u00eancia na rede estadual de ensino do Paran\u00e1<\/strong>. 2010. Inicia\u00e7\u00e3o Cient\u00edfica. (Gradua\u00e7\u00e3o em Pedagogia) &#8211; Universidade Estadual de Londrina, Funda\u00e7\u00e3o Arauc\u00e1ria: fomento \u00e0 pesquisa paranaense. Orientador: Silvia M\u00e1rcia Ferreira Meletti.<\/p>\n<p>SILVA, Patr\u00edcia Oliveira da. <strong>Indicadores da educa\u00e7\u00e3o especial no munic\u00edpio de Londrina<\/strong>. 2010. Inicia\u00e7\u00e3o Cient\u00edfica. (Gradua\u00e7\u00e3o em Pedagogia) &#8211; Universidade Estadual de Londrina, Funda\u00e7\u00e3o Arauc\u00e1ria: fomento \u00e0 pesquisa paranaense. Orientador: Silvia M\u00e1rcia Ferreira Meletti.<\/p>\n<p>JOANUSSI, Carina Oliveira. <strong>Matr\u00edcula de alunos com defici\u00eancia no ensino regular<\/strong>. 2010. Inicia\u00e7\u00e3o Cient\u00edfica. (Gradua\u00e7\u00e3o em Pedagogia) &#8211; Universidade Estadual de Londrina, Coordena\u00e7\u00e3o de Aperfei\u00e7oamento de Pessoal de N\u00edvel Superior. Orientador: Silvia M\u00e1rcia Ferreira Meletti.<\/p>\n<p>BOTARELI, Diaime de Souza. <strong>Matr\u00edcula de alunos com defici\u00eancia na modalidade educa\u00e7\u00e3o especial em Londrina<\/strong>. 2010. Inicia\u00e7\u00e3o Cient\u00edfica. (Gradua\u00e7\u00e3o\u00a0em Pedagogia) &#8211; Universidade Estadual de Londrina, Coordena\u00e7\u00e3o de Aperfei\u00e7oamento de Pessoal de N\u00edvel Superior. Orientador: Silvia M\u00e1rcia Ferreira Meletti.<\/p>\n<p>PRETI, Jessica de Lourdes. <strong>Matr\u00edcula de alunos com defici\u00eancia intelectual no sistema regular de ensino<\/strong>. 2010. Inicia\u00e7\u00e3o Cient\u00edfica. (Gradua\u00e7\u00e3o em Pedagogia) &#8211; Universidade Estadual de Londrina, Coordena\u00e7\u00e3o de Aperfei\u00e7oamento de Pessoal de N\u00edvel Superior. Orientador: Silvia M\u00e1rcia Ferreira Meletti.<\/p>\n<p>LIDUENHA, Ta\u00edsa Grasiela Gomes. <strong>Percurso escolar de alunos da educa\u00e7\u00e3o de jovens e adultos egressos de classe especial<\/strong>. 2009. Inicia\u00e7\u00e3o Cient\u00edfica. (Gradua\u00e7\u00e3o em Pedagogia) &#8211; Universidade Estadual de Londrina. Orientador: Silvia M\u00e1rcia Ferreira Meletti.<\/p>\n<p>CARVALHO, Tha\u00edza. <strong>Caracteriza\u00e7\u00e3o das Classes Especiais e de Condutas T\u00edpicas na rede de ensino do munic\u00edpio de Londrina<\/strong>. 2007. Inicia\u00e7\u00e3o Cient\u00edfica &#8211; Universidade Estadual de Londrina. Orientador: Silvia M\u00e1rcia Ferreira Meletti.<\/p>\n","protected":false},"excerpt":{"rendered":"<p>SOUZA, Camila Cristina Ludovico de. Inclus\u00e3o de alunos com autismo no sistema municipal de ensino de Londrina PR. 2013. Inicia\u00e7\u00e3o Cient\u00edfica. (Gradua\u00e7\u00e3o em Pedagogia) &#8211; Universidade Estadual de Londrina, Funda\u00e7\u00e3o Arauc\u00e1ria: fomento \u00e0 pesquisa paranaense. Orientador: Silvia M\u00e1rcia Ferreira Meletti. JOANUSSI, Carina Oliveira. Inclus\u00e3o de alunos com defici\u00eancia nas salas de recurso multifuncionais em Londrina [&hellip;]<\/p>\n","protected":false},"author":3,"featured_media":0,"comment_status":"closed","ping_status":"open","sticky":false,"template":"","format":"standard","meta":[],"categories":[22],"tags":[],"_links":{"self":[{"href":"https:\/\/ppeees-cpan.ufms.br\/index.php?rest_route=\/wp\/v2\/posts\/331"}],"collection":[{"href":"https:\/\/ppeees-cpan.ufms.br\/index.php?rest_route=\/wp\/v2\/posts"}],"about":[{"href":"https:\/\/ppeees-cpan.ufms.br\/index.php?rest_route=\/wp\/v2\/types\/post"}],"author":[{"embeddable":true,"href":"https:\/\/ppeees-cpan.ufms.br\/index.php?rest_route=\/wp\/v2\/users\/3"}],"replies":[{"embeddable":true,"href":"https:\/\/ppeees-cpan.ufms.br\/index.php?rest_route=%2Fwp%2Fv2%2Fcomments&post=331"}],"version-history":[{"count":4,"href":"https:\/\/ppeees-cpan.ufms.br\/index.php?rest_route=\/wp\/v2\/posts\/331\/revisions"}],"predecessor-version":[{"id":348,"href":"https:\/\/ppeees-cpan.ufms.br\/index.php?rest_route=\/wp\/v2\/posts\/331\/revisions\/348"}],"wp:attachment":[{"href":"https:\/\/ppeees-cpan.ufms.br\/index.php?rest_route=%2Fwp%2Fv2%2Fmedia&parent=331"}],"wp:term":[{"taxonomy":"category","embeddable":true,"href":"https:\/\/ppeees-cpan.ufms.br\/index.php?rest_route=%2Fwp%2Fv2%2Fcategories&post=331"},{"taxonomy":"post_tag","embeddable":true,"href":"https:\/\/ppeees-cpan.ufms.br\/index.php?rest_route=%2Fwp%2Fv2%2Ftags&post=331"}],"curies":[{"name":"wp","href":"https:\/\/api.w.org\/{rel}","templated":true}]}}