{"id":345,"date":"2016-02-07T17:30:27","date_gmt":"2016-02-07T17:30:27","guid":{"rendered":"http:\/\/ppeees.ufms.br\/?p=345"},"modified":"2023-04-14T12:30:23","modified_gmt":"2023-04-14T12:30:23","slug":"teses-ufscar","status":"publish","type":"post","link":"https:\/\/ppeees-cpan.ufms.br\/?p=345","title":{"rendered":"Teses &#8211; UFSCar"},"content":{"rendered":"<p><strong>2015<\/strong><\/p>\n<p><a href=\"http:\/\/ppeees-cpan.ufms.br\/wp-content\/uploads\/2016\/02\/Tese-Juliana.pdf\" target=\"_blank\" rel=\"noopener\">MANTOVANI, Juliana Vechetti. <strong>A educa\u00e7\u00e3o da pessoa com defici\u00eancia em comunidades remanescentes de quilombos no Estado de S\u00e3o Paulo<\/strong>. 2015. Tese (Doutorado em Educa\u00e7\u00e3o Especial (Educa\u00e7\u00e3o do Indiv\u00edduo Especial)) &#8211; Universidade Federal de S\u00e3o Carlos, Funda\u00e7\u00e3o de Amparo \u00e0 Pesquisa do Estado de S\u00e3o Paulo. Orientador: K\u00e1tia Regina Moreno Caiado.<\/a><\/p>\n<p><a href=\"http:\/\/ppeees-cpan.ufms.br\/wp-content\/uploads\/2016\/02\/tese-michele.pdf\" target=\"_blank\" rel=\"noopener\">S\u00c1, Michele Aparecida de. <strong>Educa\u00e7\u00e3o especial em escolas ind\u00edgenas do estado de S\u00e3o Paulo: desafios e possibilidades para educa\u00e7\u00e3o de alunos ind\u00edgenas com defici\u00eancia<\/strong>. 2015. Tese (Doutorado em Educa\u00e7\u00e3o Especial (Educa\u00e7\u00e3o do Indiv\u00edduo Especial)) &#8211; Universidade Federal de S\u00e3o Carlos, Coordena\u00e7\u00e3o de Aperfei\u00e7oamento de Pessoal de N\u00edvel Superior. Orientador: K\u00e1tia Regina Moreno Caiado.<\/a><\/p>\n<p><strong>2014<\/strong><\/p>\n<p><a href=\"http:\/\/ppeees-cpan.ufms.br\/wp-content\/uploads\/2016\/02\/taisa-tese.pdf\" target=\"_blank\" rel=\"noopener\">GON\u00c7ALVES, Ta\u00edsa Grasiela Gomes Liduenha. <strong>Alunos com defici\u00eancia na educa\u00e7\u00e3o de jovens e adultos em assentamento paulistas: experi\u00eancias do PRONERA<\/strong>. 2014. Tese (Doutorado em Educa\u00e7\u00e3o Especial). Universidade Federal de S\u00e3o Carlos, UFSCar, S\u00e3o Carlos, SP, 2014. Orientador: K\u00e1tia Regina Moreno Caiado.<\/a><\/p>\n","protected":false},"excerpt":{"rendered":"<p>2015 MANTOVANI, Juliana Vechetti. A educa\u00e7\u00e3o da pessoa com defici\u00eancia em comunidades remanescentes de quilombos no Estado de S\u00e3o Paulo. 2015. Tese (Doutorado em Educa\u00e7\u00e3o Especial (Educa\u00e7\u00e3o do Indiv\u00edduo Especial)) &#8211; Universidade Federal de S\u00e3o Carlos, Funda\u00e7\u00e3o de Amparo \u00e0 Pesquisa do Estado de S\u00e3o Paulo. Orientador: K\u00e1tia Regina Moreno Caiado. S\u00c1, Michele Aparecida de. [&hellip;]<\/p>\n","protected":false},"author":3,"featured_media":0,"comment_status":"closed","ping_status":"open","sticky":false,"template":"","format":"standard","meta":[],"categories":[15],"tags":[],"_links":{"self":[{"href":"https:\/\/ppeees-cpan.ufms.br\/index.php?rest_route=\/wp\/v2\/posts\/345"}],"collection":[{"href":"https:\/\/ppeees-cpan.ufms.br\/index.php?rest_route=\/wp\/v2\/posts"}],"about":[{"href":"https:\/\/ppeees-cpan.ufms.br\/index.php?rest_route=\/wp\/v2\/types\/post"}],"author":[{"embeddable":true,"href":"https:\/\/ppeees-cpan.ufms.br\/index.php?rest_route=\/wp\/v2\/users\/3"}],"replies":[{"embeddable":true,"href":"https:\/\/ppeees-cpan.ufms.br\/index.php?rest_route=%2Fwp%2Fv2%2Fcomments&post=345"}],"version-history":[{"count":7,"href":"https:\/\/ppeees-cpan.ufms.br\/index.php?rest_route=\/wp\/v2\/posts\/345\/revisions"}],"predecessor-version":[{"id":1775,"href":"https:\/\/ppeees-cpan.ufms.br\/index.php?rest_route=\/wp\/v2\/posts\/345\/revisions\/1775"}],"wp:attachment":[{"href":"https:\/\/ppeees-cpan.ufms.br\/index.php?rest_route=%2Fwp%2Fv2%2Fmedia&parent=345"}],"wp:term":[{"taxonomy":"category","embeddable":true,"href":"https:\/\/ppeees-cpan.ufms.br\/index.php?rest_route=%2Fwp%2Fv2%2Fcategories&post=345"},{"taxonomy":"post_tag","embeddable":true,"href":"https:\/\/ppeees-cpan.ufms.br\/index.php?rest_route=%2Fwp%2Fv2%2Ftags&post=345"}],"curies":[{"name":"wp","href":"https:\/\/api.w.org\/{rel}","templated":true}]}}