{"id":351,"date":"2016-02-07T17:52:21","date_gmt":"2016-02-07T17:52:21","guid":{"rendered":"http:\/\/ppeees.ufms.br\/?p=351"},"modified":"2023-04-14T12:30:35","modified_gmt":"2023-04-14T12:30:35","slug":"relatorios-pibic-ufsc","status":"publish","type":"post","link":"https:\/\/ppeees-cpan.ufms.br\/?p=351","title":{"rendered":"Relat\u00f3rios PIBIC &#8211; UFSC"},"content":{"rendered":"<p>DIAS, Mariana Lindner. <strong>A educa\u00e7\u00e3o especial em Santa Catarina: os indicadores da inclus\u00e3o<\/strong>. 2011. Inicia\u00e7\u00e3o cient\u00edfica (Gradua\u00e7\u00e3o em Pedagogia) &#8211; Universidade Federal de Santa Catarina, Coordena\u00e7\u00e3o de Aperfei\u00e7oamento de Pessoal de N\u00edvel Superior. Orientador: Maria Helena Michels.<\/p>\n<p>GIRADI, L\u00edvia Rezende Girardi. <strong>Os indicadores da inclus\u00e3o de crian\u00e7as com defici\u00eancia no munic\u00edpio de Florian\u00f3polis: algumas considera\u00e7\u00f5<\/strong>es. 2011. Inicia\u00e7\u00e3o cient\u00edfica (Gradua\u00e7\u00e3o em Pedagogia) &#8211; Universidade Federal de Santa Catarina, Coordena\u00e7\u00e3o de Aperfei\u00e7oamento de Pessoal de N\u00edvel Superior. Orientador: Maria Helena Michels.<\/p>\n","protected":false},"excerpt":{"rendered":"<p>DIAS, Mariana Lindner. A educa\u00e7\u00e3o especial em Santa Catarina: os indicadores da inclus\u00e3o. 2011. Inicia\u00e7\u00e3o cient\u00edfica (Gradua\u00e7\u00e3o em Pedagogia) &#8211; Universidade Federal de Santa Catarina, Coordena\u00e7\u00e3o de Aperfei\u00e7oamento de Pessoal de N\u00edvel Superior. Orientador: Maria Helena Michels. GIRADI, L\u00edvia Rezende Girardi. Os indicadores da inclus\u00e3o de crian\u00e7as com defici\u00eancia no munic\u00edpio de Florian\u00f3polis: algumas considera\u00e7\u00f5es. [&hellip;]<\/p>\n","protected":false},"author":3,"featured_media":0,"comment_status":"closed","ping_status":"open","sticky":false,"template":"","format":"standard","meta":[],"categories":[22],"tags":[],"_links":{"self":[{"href":"https:\/\/ppeees-cpan.ufms.br\/index.php?rest_route=\/wp\/v2\/posts\/351"}],"collection":[{"href":"https:\/\/ppeees-cpan.ufms.br\/index.php?rest_route=\/wp\/v2\/posts"}],"about":[{"href":"https:\/\/ppeees-cpan.ufms.br\/index.php?rest_route=\/wp\/v2\/types\/post"}],"author":[{"embeddable":true,"href":"https:\/\/ppeees-cpan.ufms.br\/index.php?rest_route=\/wp\/v2\/users\/3"}],"replies":[{"embeddable":true,"href":"https:\/\/ppeees-cpan.ufms.br\/index.php?rest_route=%2Fwp%2Fv2%2Fcomments&post=351"}],"version-history":[{"count":3,"href":"https:\/\/ppeees-cpan.ufms.br\/index.php?rest_route=\/wp\/v2\/posts\/351\/revisions"}],"predecessor-version":[{"id":354,"href":"https:\/\/ppeees-cpan.ufms.br\/index.php?rest_route=\/wp\/v2\/posts\/351\/revisions\/354"}],"wp:attachment":[{"href":"https:\/\/ppeees-cpan.ufms.br\/index.php?rest_route=%2Fwp%2Fv2%2Fmedia&parent=351"}],"wp:term":[{"taxonomy":"category","embeddable":true,"href":"https:\/\/ppeees-cpan.ufms.br\/index.php?rest_route=%2Fwp%2Fv2%2Fcategories&post=351"},{"taxonomy":"post_tag","embeddable":true,"href":"https:\/\/ppeees-cpan.ufms.br\/index.php?rest_route=%2Fwp%2Fv2%2Ftags&post=351"}],"curies":[{"name":"wp","href":"https:\/\/api.w.org\/{rel}","templated":true}]}}