{"id":355,"date":"2016-02-07T17:56:35","date_gmt":"2016-02-07T17:56:35","guid":{"rendered":"http:\/\/ppeees.ufms.br\/?p=355"},"modified":"2023-04-14T12:30:24","modified_gmt":"2023-04-14T12:30:24","slug":"trabalhos-de-conclusao-de-curso-ufsc","status":"publish","type":"post","link":"https:\/\/ppeees-cpan.ufms.br\/?p=355","title":{"rendered":"Trabalhos de Conclus\u00e3o de Curso &#8211; UFSC"},"content":{"rendered":"<p>SILVA, Renata Soares da. <strong>A organiza\u00e7\u00e3o da Educa\u00e7\u00e3o Especial para os alunos com defici\u00eancia na EJA na Rede Municipal de Florian\u00f3polis<\/strong>. 2015. Trabalho de Conclus\u00e3o de Curso. (Gradua\u00e7\u00e3o em Pedagogia) &#8211; Universidade Federal de Santa Catarina, Coordena\u00e7\u00e3o de Aperfei\u00e7oamento de Pessoal de N\u00edvel Superior. Orientador: Rosalba Maria Cardoso Garcia.<\/p>\n<p>SILVA, Cl\u00e1udia Telles da Silva. <strong>Programa educa\u00e7\u00e3o inclusiva &#8211; direito \u00e0 diversidade: uma an\u00e1lise sobre a concep\u00e7\u00e3o de aprendizagem<\/strong>. 2014. Trabalho de Conclus\u00e3o de Curso. (Gradua\u00e7\u00e3o em Pedagogia) &#8211; Universidade Federal de Santa Catarina, Coordena\u00e7\u00e3o de Aperfei\u00e7oamento de Pessoal de N\u00edvel Superior. Orientador: Rosalba Maria Cardoso Garcia.<\/p>\n<p>&nbsp;<\/p>\n","protected":false},"excerpt":{"rendered":"<p>SILVA, Renata Soares da. A organiza\u00e7\u00e3o da Educa\u00e7\u00e3o Especial para os alunos com defici\u00eancia na EJA na Rede Municipal de Florian\u00f3polis. 2015. Trabalho de Conclus\u00e3o de Curso. (Gradua\u00e7\u00e3o em Pedagogia) &#8211; Universidade Federal de Santa Catarina, Coordena\u00e7\u00e3o de Aperfei\u00e7oamento de Pessoal de N\u00edvel Superior. Orientador: Rosalba Maria Cardoso Garcia. SILVA, Cl\u00e1udia Telles da Silva. Programa [&hellip;]<\/p>\n","protected":false},"author":3,"featured_media":0,"comment_status":"closed","ping_status":"open","sticky":false,"template":"","format":"standard","meta":[],"categories":[13],"tags":[],"_links":{"self":[{"href":"https:\/\/ppeees-cpan.ufms.br\/index.php?rest_route=\/wp\/v2\/posts\/355"}],"collection":[{"href":"https:\/\/ppeees-cpan.ufms.br\/index.php?rest_route=\/wp\/v2\/posts"}],"about":[{"href":"https:\/\/ppeees-cpan.ufms.br\/index.php?rest_route=\/wp\/v2\/types\/post"}],"author":[{"embeddable":true,"href":"https:\/\/ppeees-cpan.ufms.br\/index.php?rest_route=\/wp\/v2\/users\/3"}],"replies":[{"embeddable":true,"href":"https:\/\/ppeees-cpan.ufms.br\/index.php?rest_route=%2Fwp%2Fv2%2Fcomments&post=355"}],"version-history":[{"count":1,"href":"https:\/\/ppeees-cpan.ufms.br\/index.php?rest_route=\/wp\/v2\/posts\/355\/revisions"}],"predecessor-version":[{"id":356,"href":"https:\/\/ppeees-cpan.ufms.br\/index.php?rest_route=\/wp\/v2\/posts\/355\/revisions\/356"}],"wp:attachment":[{"href":"https:\/\/ppeees-cpan.ufms.br\/index.php?rest_route=%2Fwp%2Fv2%2Fmedia&parent=355"}],"wp:term":[{"taxonomy":"category","embeddable":true,"href":"https:\/\/ppeees-cpan.ufms.br\/index.php?rest_route=%2Fwp%2Fv2%2Fcategories&post=355"},{"taxonomy":"post_tag","embeddable":true,"href":"https:\/\/ppeees-cpan.ufms.br\/index.php?rest_route=%2Fwp%2Fv2%2Ftags&post=355"}],"curies":[{"name":"wp","href":"https:\/\/api.w.org\/{rel}","templated":true}]}}