{"id":398,"date":"2016-02-09T15:51:12","date_gmt":"2016-02-09T15:51:12","guid":{"rendered":"http:\/\/ppeees.ufms.br\/?p=398"},"modified":"2023-04-14T12:29:54","modified_gmt":"2023-04-14T12:29:54","slug":"artigos-em-periodicos-ufscar","status":"publish","type":"post","link":"https:\/\/ppeees-cpan.ufms.br\/?p=398","title":{"rendered":"Artigos em peri\u00f3dicos &#8211; UFSCar"},"content":{"rendered":"<p><strong>2014<\/strong><\/p>\n<p><a href=\"http:\/\/ppeees-cpan.ufms.br\/wp-content\/uploads\/2016\/02\/caiado-caderno-cedes-2014.pdf\" target=\"_blank\" rel=\"noopener\">CAIADO, Katia Regina Moreno; GON\u00c7ALVES, Ta\u00edsa Grasiela Gomes Liduenha ; TELLES, Rute;\u00a0MACALLI, Ana Carolina\u00a0. Defici\u00eancia e desigualdade social: o recente caminho para a escola. Cadernos CEDES (Impresso), v. 34, p. 241-260, 2014.<\/a><\/p>\n<p><a href=\"http:\/\/ppeees-cpan.ufms.br\/wp-content\/uploads\/2016\/02\/transporte-escolar-publico.pdf\" target=\"_blank\" rel=\"noopener\">CAIADO, Katia Regina Moreno;\u00a0GON\u00c7ALVES, T. G. G. L.. O transporte escolar p\u00fablico para os alunos do campo com necessidades educacionais especiais. Teoria e Pr\u00e1tica da Educa\u00e7\u00e3o, v. 17, p. 119-130, 2014.<\/a><\/p>\n<p><strong>2013<\/strong><\/p>\n<p><a href=\"http:\/\/ppeees-cpan.ufms.br\/wp-content\/uploads\/2016\/02\/EE-em-escolas-dos-campo.pdf\" target=\"_blank\" rel=\"noopener\">CAIADO, Katia Regina Moreno;\u00a0GON\u00c7ALVES, T. G. G. L.\u00a0Educa\u00e7\u00e3o especial em escolas do campo: an\u00e1lise de um munic\u00edpio do estado de S\u00e3o Paulo. Revista HISTEDBR On-line, v. 13, p. 179-193, 2013.<\/a><\/p>\n<p><a href=\"http:\/\/ppeees-cpan.ufms.br\/wp-content\/uploads\/2016\/02\/loureiro-caiado.pdf\" target=\"_blank\" rel=\"noopener\">LOUREIRO, A. D. T. ;\u00a0CAIADO, Katia Regina Moreno. Educa\u00e7\u00e3o Especial na educa\u00e7\u00e3o b\u00e1sica: an\u00e1lise de matr\u00edculas em um munic\u00edpio paulista. Cadernos de Pesquisa em Educa\u00e7\u00e3o PPGE-UFES, v. 19, p. 39-58, 2013.<\/a><\/p>\n<p><strong>2011<\/strong><\/p>\n<p><a href=\"http:\/\/ppeees-cpan.ufms.br\/wp-content\/uploads\/2016\/02\/caiado-meletti.pdf\" target=\"_blank\" rel=\"noopener\">CAIADO, Katia Regina Moreno;\u00a0MELETTI, S. M. F. Educa\u00e7\u00e3o Especial no campo: 20 anos de sil\u00eancio no GT 15. Revista Brasileira de Educa\u00e7\u00e3o Especial, v. 17, p. 93-104, 2011.<\/a><\/p>\n<p><strong>2009<\/strong><\/p>\n<p><a href=\"http:\/\/ppeees-cpan.ufms.br\/wp-content\/uploads\/2016\/02\/caiado-laplane.pdf\" target=\"_blank\" rel=\"noopener\">CAIADO, Katia Regina Moreno; LAPLANE, A. L. F.. Programa Educa\u00e7\u00e3o Inclusiva: Direito \u00e0 Diversidade &#8211; uma an\u00e1lise a partir da vis\u00e3o de gestores de um municipio p\u00f3lo. Educa\u00e7\u00e3o e Pesquisa (USP. Impresso), v. 35, p. 303-315, 2009.<\/a><\/p>\n","protected":false},"excerpt":{"rendered":"<p>2014 CAIADO, Katia Regina Moreno; GON\u00c7ALVES, Ta\u00edsa Grasiela Gomes Liduenha ; TELLES, Rute;\u00a0MACALLI, Ana Carolina\u00a0. Defici\u00eancia e desigualdade social: o recente caminho para a escola. Cadernos CEDES (Impresso), v. 34, p. 241-260, 2014. CAIADO, Katia Regina Moreno;\u00a0GON\u00c7ALVES, T. G. G. L.. O transporte escolar p\u00fablico para os alunos do campo com necessidades educacionais especiais. Teoria [&hellip;]<\/p>\n","protected":false},"author":3,"featured_media":0,"comment_status":"closed","ping_status":"open","sticky":false,"template":"","format":"standard","meta":[],"categories":[14],"tags":[],"_links":{"self":[{"href":"https:\/\/ppeees-cpan.ufms.br\/index.php?rest_route=\/wp\/v2\/posts\/398"}],"collection":[{"href":"https:\/\/ppeees-cpan.ufms.br\/index.php?rest_route=\/wp\/v2\/posts"}],"about":[{"href":"https:\/\/ppeees-cpan.ufms.br\/index.php?rest_route=\/wp\/v2\/types\/post"}],"author":[{"embeddable":true,"href":"https:\/\/ppeees-cpan.ufms.br\/index.php?rest_route=\/wp\/v2\/users\/3"}],"replies":[{"embeddable":true,"href":"https:\/\/ppeees-cpan.ufms.br\/index.php?rest_route=%2Fwp%2Fv2%2Fcomments&post=398"}],"version-history":[{"count":6,"href":"https:\/\/ppeees-cpan.ufms.br\/index.php?rest_route=\/wp\/v2\/posts\/398\/revisions"}],"predecessor-version":[{"id":1741,"href":"https:\/\/ppeees-cpan.ufms.br\/index.php?rest_route=\/wp\/v2\/posts\/398\/revisions\/1741"}],"wp:attachment":[{"href":"https:\/\/ppeees-cpan.ufms.br\/index.php?rest_route=%2Fwp%2Fv2%2Fmedia&parent=398"}],"wp:term":[{"taxonomy":"category","embeddable":true,"href":"https:\/\/ppeees-cpan.ufms.br\/index.php?rest_route=%2Fwp%2Fv2%2Fcategories&post=398"},{"taxonomy":"post_tag","embeddable":true,"href":"https:\/\/ppeees-cpan.ufms.br\/index.php?rest_route=%2Fwp%2Fv2%2Ftags&post=398"}],"curies":[{"name":"wp","href":"https:\/\/api.w.org\/{rel}","templated":true}]}}