{"id":412,"date":"2016-02-09T16:13:45","date_gmt":"2016-02-09T16:13:45","guid":{"rendered":"http:\/\/ppeees.ufms.br\/?p=412"},"modified":"2023-04-14T12:29:52","modified_gmt":"2023-04-14T12:29:52","slug":"artigos-em-periodicos-uel","status":"publish","type":"post","link":"https:\/\/ppeees-cpan.ufms.br\/?p=412","title":{"rendered":"Artigos em peri\u00f3dicos &#8211; UEL"},"content":{"rendered":"<p><strong>2014<\/strong><\/p>\n<p><a href=\"http:\/\/ppeees-cpan.ufms.br\/wp-content\/uploads\/2016\/02\/meletti-silva-2014.pdf\" target=\"_blank\" rel=\"noopener\">SILVA, M. C. V.;\u00a0MELETTI, S. M. F. Estudantes com necessidades educacionais especiais nas avalia\u00e7\u00f5es em larga escala: Prova Brasil e ENEM. Revista Brasileira de Educa\u00e7\u00e3o Especial, v. 20, p. 53-68, 2014.<\/a><\/p>\n<p><a href=\"http:\/\/ppeees-cpan.ufms.br\/wp-content\/uploads\/2016\/02\/meletti-parana.pdf\" target=\"_blank\" rel=\"noopener\">MELETTI, S. M. F. Indicadores Educacionais sobre a Educa\u00e7\u00e3o Especial no Brasil e no Paran\u00e1. Educa\u00e7\u00e3o e Realidade, v. 39, p. 789-809, 2014.<\/a><\/p>\n<p><a href=\"http:\/\/ppeees-cpan.ufms.br\/wp-content\/uploads\/2016\/02\/meletti-ribeiro-2014.pdf\" target=\"_blank\" rel=\"noopener\">MELETTI, S. M. F; RIBEIRO, K. Indicadores educacionais sobre a educa\u00e7\u00e3o especial no Brasil. Cadernos CEDES (Impresso), v. 34, p. 175-189, 2014.<\/a><\/p>\n<p><strong>2013<\/strong><\/p>\n<p><a href=\"http:\/\/ppeees-cpan.ufms.br\/wp-content\/uploads\/2016\/02\/taisa-bueno-e-silvia.pdf\" target=\"_blank\" rel=\"noopener\">GON\u00c7ALVES, T. G. G. L.; BUENO, J. G. S.;\u00a0MELETTI, S. M. F.\u00a0Matr\u00edculas de alunos com defici\u00eancia na EJA: uma an\u00e1lise dos indicadores educacionais brasileiros. Revista Brasileira de Pol\u00edtica e Administra\u00e7\u00e3o da Educa\u00e7\u00e3o, v. 29, p. 407-426, 2013.<\/a><\/p>\n<p><strong>2012<\/strong><\/p>\n<p><a href=\"http:\/\/ppeees-cpan.ufms.br\/wp-content\/uploads\/2016\/02\/silva-meletti-2012.pdf\" target=\"_blank\" rel=\"noopener\">SILVA, M. C. V. ;\u00a0MELETTI, S. M. F.\u00a0Avalia\u00e7\u00e3o em larga escala de alunos com necessidades educacionais especiais no munic\u00edpio de Londrina (PR). Revista Educa\u00e7\u00e3o Especial (Online), v. 25, p. 417-434, 2012.<\/a><\/p>\n<p><strong>2011<\/strong><\/p>\n<p><a href=\"http:\/\/ppeees-cpan.ufms.br\/wp-content\/uploads\/2016\/02\/meletti-bueno-2011.pdf\" target=\"_blank\" rel=\"noopener\">BUENO, J. G. S.;\u00a0MELETTI, S. M. F.\u00a0Educa\u00e7\u00e3o infantil e educa\u00e7\u00e3o especial: uma an\u00e1lise dos indicadores educacionais brasileiros. Contrapontos (UNIVALI) (Cessou em 2008. Cont. ISSN 1984-7114 Contrapontos (Online)), v. 11, p. 65-80, 2011.<\/a><\/p>\n<p><a href=\"http:\/\/ppeees-cpan.ufms.br\/wp-content\/uploads\/2016\/02\/meletti-bueno-2011-linhas-criticas.pdf\" target=\"_blank\" rel=\"noopener\">MELETTI, S. M. F.; BUENO, J. G. S. O impacto das poli\u0301ticas pu\u0301blicas de escolarizac\u0327a\u0303o de alunos com deficie\u0302ncia: uma ana\u0301lise dos indicadores sociais no Brasil. Linhas Cr\u00edticas (Online), v. 17, p. 367-384, 2011.<\/a><\/p>\n<p><a href=\"http:\/\/ppeees-cpan.ufms.br\/wp-content\/uploads\/2016\/02\/meletti-bueno-2011-anpae.pdf\" target=\"_blank\" rel=\"noopener\">BUENO, J. G. S ;\u00a0MELETTI, S. M. F.\u00a0As pol\u00edticas de escolariza\u00e7\u00e3o de alunos com defici\u00eancia na educa\u00e7\u00e3o infantil: uma an\u00e1lise dos indicadores educacionais brasileiros. Cadernos ANPAE, v. 10, p. 1-13, 2011.<\/a><\/p>\n","protected":false},"excerpt":{"rendered":"<p>2014 SILVA, M. C. V.;\u00a0MELETTI, S. M. F. Estudantes com necessidades educacionais especiais nas avalia\u00e7\u00f5es em larga escala: Prova Brasil e ENEM. Revista Brasileira de Educa\u00e7\u00e3o Especial, v. 20, p. 53-68, 2014. MELETTI, S. M. F. Indicadores Educacionais sobre a Educa\u00e7\u00e3o Especial no Brasil e no Paran\u00e1. Educa\u00e7\u00e3o e Realidade, v. 39, p. 789-809, 2014. [&hellip;]<\/p>\n","protected":false},"author":3,"featured_media":0,"comment_status":"closed","ping_status":"open","sticky":false,"template":"","format":"standard","meta":[],"categories":[14],"tags":[],"_links":{"self":[{"href":"https:\/\/ppeees-cpan.ufms.br\/index.php?rest_route=\/wp\/v2\/posts\/412"}],"collection":[{"href":"https:\/\/ppeees-cpan.ufms.br\/index.php?rest_route=\/wp\/v2\/posts"}],"about":[{"href":"https:\/\/ppeees-cpan.ufms.br\/index.php?rest_route=\/wp\/v2\/types\/post"}],"author":[{"embeddable":true,"href":"https:\/\/ppeees-cpan.ufms.br\/index.php?rest_route=\/wp\/v2\/users\/3"}],"replies":[{"embeddable":true,"href":"https:\/\/ppeees-cpan.ufms.br\/index.php?rest_route=%2Fwp%2Fv2%2Fcomments&post=412"}],"version-history":[{"count":5,"href":"https:\/\/ppeees-cpan.ufms.br\/index.php?rest_route=\/wp\/v2\/posts\/412\/revisions"}],"predecessor-version":[{"id":1738,"href":"https:\/\/ppeees-cpan.ufms.br\/index.php?rest_route=\/wp\/v2\/posts\/412\/revisions\/1738"}],"wp:attachment":[{"href":"https:\/\/ppeees-cpan.ufms.br\/index.php?rest_route=%2Fwp%2Fv2%2Fmedia&parent=412"}],"wp:term":[{"taxonomy":"category","embeddable":true,"href":"https:\/\/ppeees-cpan.ufms.br\/index.php?rest_route=%2Fwp%2Fv2%2Fcategories&post=412"},{"taxonomy":"post_tag","embeddable":true,"href":"https:\/\/ppeees-cpan.ufms.br\/index.php?rest_route=%2Fwp%2Fv2%2Ftags&post=412"}],"curies":[{"name":"wp","href":"https:\/\/api.w.org\/{rel}","templated":true}]}}