{"id":421,"date":"2016-02-09T16:38:48","date_gmt":"2016-02-09T16:38:48","guid":{"rendered":"http:\/\/ppeees.ufms.br\/?p=421"},"modified":"2023-04-14T12:29:54","modified_gmt":"2023-04-14T12:29:54","slug":"artigos-em-periodicos-ufsc","status":"publish","type":"post","link":"https:\/\/ppeees-cpan.ufms.br\/?p=421","title":{"rendered":"Artigos em peri\u00f3dicos &#8211; UFSC"},"content":{"rendered":"<p><strong>2014<\/strong><\/p>\n<p><a href=\"http:\/\/ppeees-cpan.ufms.br\/wp-content\/uploads\/2016\/02\/michels-garcia-2014.pdf\" target=\"_blank\" rel=\"noopener\">MICHELS, M. H.;\u00a0GARCIA, R. M. C. Sistema educacional inclusivo: conceito e implica\u00e7\u00f5es na pol\u00edtica educacional brasileira. Cadernos CEDES (Impresso), v. 34, p. 157-173, 2014.<\/a><\/p>\n<p><a href=\"http:\/\/ppeees-cpan.ufms.br\/wp-content\/uploads\/2016\/02\/garcia-michles-retratos-da-escola.pdf\" target=\"_blank\" rel=\"noopener\">GARCIA, R. M. C.; MICHELS, M. H. Educa\u00e7\u00e3o Especial nas pol\u00edticas de inclus\u00e3o: uma an\u00e1lise do Plano Nacional de Educa\u00e7\u00e3o. Retratos da Escola, v. 8, p. 227-564, 2014.<\/a><\/p>\n<p><strong>2013<\/strong><\/p>\n<p><a href=\"http:\/\/ppeees-cpan.ufms.br\/wp-content\/uploads\/2016\/02\/garcia-2013.pdf\" target=\"_blank\" rel=\"noopener\">GARCIA, R. M. C. Pol\u00edtica de educa\u00e7\u00e3o especial na perspectiva inclusiva e a forma\u00e7\u00e3o docente no Brasil. Revista Brasileira de Educa\u00e7\u00e3o (Impresso), v. 18, p. 101-119, 2013.<\/a><\/p>\n<p><strong>2012<\/strong><\/p>\n<p><a href=\"http:\/\/ppeees-cpan.ufms.br\/wp-content\/uploads\/2016\/02\/revista_cocar_carneiro_garcia_e_michels.pdf\" target=\"_blank\" rel=\"noopener\">MICHELS, M. H.;\u00a0GARCIA, R. M. C.; CARNEIRO, M. S. C. O car\u00e1ter conservador da perspectiva inclusiva na Educa\u00e7\u00e3o Especial: as salas multimeios na Rede Municipal de Florian\u00f3polis. Revista Cocar (UEPA), v. 6, p. 17-28, 2012.<\/a><\/p>\n<p><strong>2011<\/strong><\/p>\n<p><a href=\"http:\/\/ppeees-cpan.ufms.br\/wp-content\/uploads\/2016\/02\/garcia-michels-gt-15.pdf\" target=\"_blank\" rel=\"noopener\">GARCIA, R. M. C.;\u00a0MICHELS, M. H. A pol\u00edtica de educa\u00e7\u00e3o especial no Brasil (1991-2011): uma an\u00e1lise da produ\u00e7\u00e3o do GT15 &#8211; Educa\u00e7\u00e3o Especial da ANPEd. Revista Brasileira de Educa\u00e7\u00e3o Especial, v. 17, p. 105-124, 2011.<\/a><\/p>\n<p><a href=\"http:\/\/ppeees-cpan.ufms.br\/wp-content\/uploads\/2016\/02\/michels-2011.pdf\" target=\"_blank\" rel=\"noopener\">MICHELS, M. H.. O que h\u00e1 de novo na forma\u00e7\u00e3o de professores para a Educa\u00e7\u00e3o Especial? Revista Educa\u00e7\u00e3o Especial (UFSM), v. 24, p. 219-232, 2011.<\/a><\/p>\n","protected":false},"excerpt":{"rendered":"<p>2014 MICHELS, M. H.;\u00a0GARCIA, R. M. C. Sistema educacional inclusivo: conceito e implica\u00e7\u00f5es na pol\u00edtica educacional brasileira. Cadernos CEDES (Impresso), v. 34, p. 157-173, 2014. GARCIA, R. M. C.; MICHELS, M. H. Educa\u00e7\u00e3o Especial nas pol\u00edticas de inclus\u00e3o: uma an\u00e1lise do Plano Nacional de Educa\u00e7\u00e3o. Retratos da Escola, v. 8, p. 227-564, 2014. 2013 GARCIA, [&hellip;]<\/p>\n","protected":false},"author":3,"featured_media":0,"comment_status":"closed","ping_status":"open","sticky":false,"template":"","format":"standard","meta":[],"categories":[14],"tags":[],"_links":{"self":[{"href":"https:\/\/ppeees-cpan.ufms.br\/index.php?rest_route=\/wp\/v2\/posts\/421"}],"collection":[{"href":"https:\/\/ppeees-cpan.ufms.br\/index.php?rest_route=\/wp\/v2\/posts"}],"about":[{"href":"https:\/\/ppeees-cpan.ufms.br\/index.php?rest_route=\/wp\/v2\/types\/post"}],"author":[{"embeddable":true,"href":"https:\/\/ppeees-cpan.ufms.br\/index.php?rest_route=\/wp\/v2\/users\/3"}],"replies":[{"embeddable":true,"href":"https:\/\/ppeees-cpan.ufms.br\/index.php?rest_route=%2Fwp%2Fv2%2Fcomments&post=421"}],"version-history":[{"count":4,"href":"https:\/\/ppeees-cpan.ufms.br\/index.php?rest_route=\/wp\/v2\/posts\/421\/revisions"}],"predecessor-version":[{"id":1740,"href":"https:\/\/ppeees-cpan.ufms.br\/index.php?rest_route=\/wp\/v2\/posts\/421\/revisions\/1740"}],"wp:attachment":[{"href":"https:\/\/ppeees-cpan.ufms.br\/index.php?rest_route=%2Fwp%2Fv2%2Fmedia&parent=421"}],"wp:term":[{"taxonomy":"category","embeddable":true,"href":"https:\/\/ppeees-cpan.ufms.br\/index.php?rest_route=%2Fwp%2Fv2%2Fcategories&post=421"},{"taxonomy":"post_tag","embeddable":true,"href":"https:\/\/ppeees-cpan.ufms.br\/index.php?rest_route=%2Fwp%2Fv2%2Ftags&post=421"}],"curies":[{"name":"wp","href":"https:\/\/api.w.org\/{rel}","templated":true}]}}