{"id":446,"date":"2016-02-09T17:36:40","date_gmt":"2016-02-09T17:36:40","guid":{"rendered":"http:\/\/ppeees.ufms.br\/?p=446"},"modified":"2023-04-14T12:30:35","modified_gmt":"2023-04-14T12:30:35","slug":"iv-encontro-interinstitucional-do-grupo-politicas-publicas-de-educacao-e-educacao-especial","status":"publish","type":"post","link":"https:\/\/ppeees-cpan.ufms.br\/?p=446","title":{"rendered":"IV Encontro Interinstitucional de Pesquisa: Pol\u00edticas p\u00fablicas e escolariza\u00e7\u00e3o de alunos com defici\u00eancia"},"content":{"rendered":"<p><strong>IV Encontro Interinstitucional de Pesquisa em Sorocaba-SP<\/strong><\/p>\n<div id=\"parent-fieldname-description\" class=\"documentDescription\">TEMA: Pol\u00edticas P\u00fablicas e escolariza\u00e7\u00e3o de alunos com defici\u00eancia. O evento objetivou socializar os estudos desenvolvidos no \u00e2mbito do projeto de pesquisa intitulado de \u201cA escolariza\u00e7\u00e3o de alunos com defici\u00eancia e rendimento escolar: uma an\u00e1lise dos indicadores educacionais em munic\u00edpios brasileiros\u201d, vinculado ao Observat\u00f3rio da Educa\u00e7\u00e3o (CAPES), bem como contribuir com a sistematiza\u00e7\u00e3o e aprofundamento das pesquisas acerca da educa\u00e7\u00e3o escolar de alunos da modalidade Educa\u00e7\u00e3o Especial.<\/div>\n<p>&nbsp;<\/p>\n<p>Programa\u00e7\u00e3o:\u00a0<a href=\"http:\/\/ppeees-cpan.ufms.br\/wp-content\/uploads\/2016\/02\/Folder-final-ok.pdf\" target=\"_blank\" rel=\"noopener\">http:\/\/ppeees-cpan.ufms.br\/wp-content\/uploads\/2016\/02\/Folder-final-ok.pdf<\/a><\/p>\n<p>Folder:\u00a0<a href=\"http:\/\/ppeees-cpan.ufms.br\/wp-content\/uploads\/2016\/02\/Folder-Sorocaba.png\" target=\"_blank\" rel=\"noopener\">http:\/\/ppeees-cpan.ufms.br\/wp-content\/uploads\/2016\/02\/Folder-Sorocaba.png<\/a><\/p>\n<p>Mem\u00f3ria:\u00a0<a href=\"http:\/\/www.nepedeees.ufscar.br\/memorias\/extensao\/iv-encontro-interinstitucional-de-pesquisa\" target=\"_blank\" rel=\"noopener\">http:\/\/www.nepedeees.ufscar.br\/memorias\/extensao\/iv-encontro-interinstitucional-de-pesquisa<\/a><\/p>\n","protected":false},"excerpt":{"rendered":"<p>IV Encontro Interinstitucional de Pesquisa em Sorocaba-SP TEMA: Pol\u00edticas P\u00fablicas e escolariza\u00e7\u00e3o de alunos com defici\u00eancia. O evento objetivou socializar os estudos desenvolvidos no \u00e2mbito do projeto de pesquisa intitulado de \u201cA escolariza\u00e7\u00e3o de alunos com defici\u00eancia e rendimento escolar: uma an\u00e1lise dos indicadores educacionais em munic\u00edpios brasileiros\u201d, vinculado ao Observat\u00f3rio da Educa\u00e7\u00e3o (CAPES), bem [&hellip;]<\/p>\n","protected":false},"author":3,"featured_media":0,"comment_status":"closed","ping_status":"open","sticky":false,"template":"","format":"standard","meta":[],"categories":[20],"tags":[],"_links":{"self":[{"href":"https:\/\/ppeees-cpan.ufms.br\/index.php?rest_route=\/wp\/v2\/posts\/446"}],"collection":[{"href":"https:\/\/ppeees-cpan.ufms.br\/index.php?rest_route=\/wp\/v2\/posts"}],"about":[{"href":"https:\/\/ppeees-cpan.ufms.br\/index.php?rest_route=\/wp\/v2\/types\/post"}],"author":[{"embeddable":true,"href":"https:\/\/ppeees-cpan.ufms.br\/index.php?rest_route=\/wp\/v2\/users\/3"}],"replies":[{"embeddable":true,"href":"https:\/\/ppeees-cpan.ufms.br\/index.php?rest_route=%2Fwp%2Fv2%2Fcomments&post=446"}],"version-history":[{"count":8,"href":"https:\/\/ppeees-cpan.ufms.br\/index.php?rest_route=\/wp\/v2\/posts\/446\/revisions"}],"predecessor-version":[{"id":1765,"href":"https:\/\/ppeees-cpan.ufms.br\/index.php?rest_route=\/wp\/v2\/posts\/446\/revisions\/1765"}],"wp:attachment":[{"href":"https:\/\/ppeees-cpan.ufms.br\/index.php?rest_route=%2Fwp%2Fv2%2Fmedia&parent=446"}],"wp:term":[{"taxonomy":"category","embeddable":true,"href":"https:\/\/ppeees-cpan.ufms.br\/index.php?rest_route=%2Fwp%2Fv2%2Fcategories&post=446"},{"taxonomy":"post_tag","embeddable":true,"href":"https:\/\/ppeees-cpan.ufms.br\/index.php?rest_route=%2Fwp%2Fv2%2Ftags&post=446"}],"curies":[{"name":"wp","href":"https:\/\/api.w.org\/{rel}","templated":true}]}}