{"id":456,"date":"2016-02-09T18:47:22","date_gmt":"2016-02-09T18:47:22","guid":{"rendered":"http:\/\/ppeees.ufms.br\/?p=456"},"modified":"2023-04-14T12:30:35","modified_gmt":"2023-04-14T12:30:35","slug":"iii-encontro-interinstitucional-de-pesquisa-politicas-publicas-e-escolarizacao-de-alunos-com-deficiencia","status":"publish","type":"post","link":"https:\/\/ppeees-cpan.ufms.br\/?p=456","title":{"rendered":"III Encontro Interinstitucional de Pesquisa: Pol\u00edticas p\u00fablicas e escolariza\u00e7\u00e3o de alunos com defici\u00eancia"},"content":{"rendered":"<p><strong>III Encontro Interinstitucional de Pesquisa em\u00a0Florian\u00f3polis-SC<\/strong><\/p>\n<p><strong>Objetivo<\/strong>:\u00a0O III Encontro Interinstitucional de\u00a0Pesquisa: Pol\u00edticas p\u00fablicas\u00a0e escolariza\u00e7\u00e3o de alunos com defici\u00eancia objetivou socializar os estudos desenvolvidos no \u00e2mbito do projeto de pesquisa \u201cA escolariza\u00e7\u00e3o de alunos com defici\u00eancia e rendimento escolar: uma an\u00e1lise dos indicadores educacionais em munic\u00edpios brasileiros\u201d, vinculado ao Observat\u00f3rio da Educa\u00e7\u00e3o (CAPES), bem como contribuir com a sistematiza\u00e7\u00e3o e aprofundamento das pesquisas acerca da educa\u00e7\u00e3o escolar de alunos da modalidade Educa\u00e7\u00e3o Especial.<\/p>\n<p>Folder do evento:\u00a0<a href=\"http:\/\/ppeees-cpan.ufms.br\/wp-content\/uploads\/2016\/02\/Folder-do-evento-2013.pdf\" target=\"_blank\" rel=\"noopener\">http:\/\/ppeees-cpan.ufms.br\/wp-content\/uploads\/2016\/02\/Folder-do-evento-2013.pdf<\/a><\/p>\n","protected":false},"excerpt":{"rendered":"<p>III Encontro Interinstitucional de Pesquisa em\u00a0Florian\u00f3polis-SC Objetivo:\u00a0O III Encontro Interinstitucional de\u00a0Pesquisa: Pol\u00edticas p\u00fablicas\u00a0e escolariza\u00e7\u00e3o de alunos com defici\u00eancia objetivou socializar os estudos desenvolvidos no \u00e2mbito do projeto de pesquisa \u201cA escolariza\u00e7\u00e3o de alunos com defici\u00eancia e rendimento escolar: uma an\u00e1lise dos indicadores educacionais em munic\u00edpios brasileiros\u201d, vinculado ao Observat\u00f3rio da Educa\u00e7\u00e3o (CAPES), bem como contribuir [&hellip;]<\/p>\n","protected":false},"author":3,"featured_media":0,"comment_status":"closed","ping_status":"open","sticky":false,"template":"","format":"standard","meta":[],"categories":[20],"tags":[],"_links":{"self":[{"href":"https:\/\/ppeees-cpan.ufms.br\/index.php?rest_route=\/wp\/v2\/posts\/456"}],"collection":[{"href":"https:\/\/ppeees-cpan.ufms.br\/index.php?rest_route=\/wp\/v2\/posts"}],"about":[{"href":"https:\/\/ppeees-cpan.ufms.br\/index.php?rest_route=\/wp\/v2\/types\/post"}],"author":[{"embeddable":true,"href":"https:\/\/ppeees-cpan.ufms.br\/index.php?rest_route=\/wp\/v2\/users\/3"}],"replies":[{"embeddable":true,"href":"https:\/\/ppeees-cpan.ufms.br\/index.php?rest_route=%2Fwp%2Fv2%2Fcomments&post=456"}],"version-history":[{"count":6,"href":"https:\/\/ppeees-cpan.ufms.br\/index.php?rest_route=\/wp\/v2\/posts\/456\/revisions"}],"predecessor-version":[{"id":1764,"href":"https:\/\/ppeees-cpan.ufms.br\/index.php?rest_route=\/wp\/v2\/posts\/456\/revisions\/1764"}],"wp:attachment":[{"href":"https:\/\/ppeees-cpan.ufms.br\/index.php?rest_route=%2Fwp%2Fv2%2Fmedia&parent=456"}],"wp:term":[{"taxonomy":"category","embeddable":true,"href":"https:\/\/ppeees-cpan.ufms.br\/index.php?rest_route=%2Fwp%2Fv2%2Fcategories&post=456"},{"taxonomy":"post_tag","embeddable":true,"href":"https:\/\/ppeees-cpan.ufms.br\/index.php?rest_route=%2Fwp%2Fv2%2Ftags&post=456"}],"curies":[{"name":"wp","href":"https:\/\/api.w.org\/{rel}","templated":true}]}}