{"id":46,"date":"2014-12-17T00:21:33","date_gmt":"2014-12-17T00:21:33","guid":{"rendered":"http:\/\/ppeees.ufms.br\/?p=46"},"modified":"2023-04-14T12:29:55","modified_gmt":"2023-04-14T12:29:55","slug":"andressa-santos-rebelo-os-impactos-da-politica-de-atendimento-educacional-especializado-analise-dos-indicadores-educacionais-de-matriculas-de-alunos-com-deficiencia","status":"publish","type":"post","link":"https:\/\/ppeees-cpan.ufms.br\/?p=46","title":{"rendered":"Disserta\u00e7\u00f5es &#8211; UFMS\/CPAN"},"content":{"rendered":"<h2 class=\"posttitle\"><\/h2>\n<p><strong>2017<\/strong><\/p>\n<p><a href=\"http:\/\/ppeees-cpan.ufms.br\/wp-content\/uploads\/2014\/12\/DISSERTA\u00c7\u00c3O-DANIEL.pdf\" target=\"_blank\" rel=\"noopener\">MENDES, Daniel. <strong>Acessibilidade: uma an\u00e1lise da exist\u00eancia de barreiras \u00e0 inclus\u00e3o de alunos com defici\u00eancia\/NEE, na rede municipal de ensino de Corumb\u00e1\/MS<\/strong>. 2017. Disserta\u00e7\u00e3o (Mestrado em Educa\u00e7\u00e3o) &#8211; Universidade Federal de Mato Grosso do Sul. Orientador: M\u00f4nica de Carvalho Magalh\u00e3es Kassar.<\/a><\/p>\n<p><strong>2016<\/strong><\/p>\n<p><a href=\"http:\/\/ppeees-cpan.ufms.br\/wp-content\/uploads\/2017\/01\/disserta\u00e7\u00e3o-final_-Marcelo-Rondon.pdf\" target=\"_blank\" rel=\"noopener\">RONDON, Marcelo Messias.\u00a0<strong>Educa\u00e7\u00e3o infantil e Educa\u00e7\u00e3o Especial: os indicadores de matr\u00edculas nos munic\u00edpios de Mato Grosso do Sul (2011-2013)<\/strong>.\u00a02016. Disserta\u00e7\u00e3o (Mestrado em Educa\u00e7\u00e3o). Universidade Federal de Mato Grosso do Sul, UFMS, Corumb\u00e1 (MS), 2016. Orientador: M\u00f4nica de Carvalho Magalh\u00e3es Kassar.<\/a><\/p>\n<p><strong>2015<\/strong><\/p>\n<p><a href=\"http:\/\/ppeees-cpan.ufms.br\/wp-content\/uploads\/2014\/12\/Disserta\u00e7\u00e3o-Camila-Leijoto.pdf\" target=\"_blank\" rel=\"noopener\">LEIJOTO, Camila Pereira. <strong>Registro do p\u00fablico da Educa\u00e7\u00e3o Especial no Censo Escolar: Defici\u00eancia Intelectual em Destaque<\/strong>. 2015. Disserta\u00e7\u00e3o (Mestrado em Educa\u00e7\u00e3o). Universidade Federal de Mato Grosso do Sul, UFMS, Corumb\u00e1 (MS), 2015. Orientador: M\u00f4nica de Carvalho Magalh\u00e3es Kassar.<\/a><\/p>\n<p><strong>2014<\/strong><\/p>\n<p><a href=\"http:\/\/ppeees-cpan.ufms.br\/wp-content\/uploads\/2014\/12\/Disserta\u00e7\u00e3o_Rafael_Fran\u00e7ozo.pdf\" target=\"_blank\" rel=\"noopener\">FRAN\u00c7OZO, Rafael Ver\u00e3o. <strong>O Atendimento Educacional Especializado para estudantes com defici\u00eancia visual em Corumb\u00e1-MS e Lad\u00e1rio-MS<\/strong>. 2014. Disserta\u00e7\u00e3o (Mestrado em Educa\u00e7\u00e3o). Universidade Federal de Mato Grosso do Sul, UFMS, Corumb\u00e1 (MS), 2014. Orientador: M\u00f4nica de Carvalho Magalh\u00e3es Kassar.<\/a><\/p>\n<p><a href=\"http:\/\/ppeees-cpan.ufms.br\/wp-content\/uploads\/2015\/03\/Dissertacao-Fernanda-Serafim.pdf\" target=\"_blank\" rel=\"noopener\">SERAFIM, Fernanda Gomes. <strong>Os labirintos da pol\u00edtica de educa\u00e7\u00e3o inclusiva: entre o preconceito e o direito \u00e0 educa\u00e7\u00e3o. <\/strong>2014. Disserta\u00e7\u00e3o (Mestrado em Educa\u00e7\u00e3o). Universidade Federal de Mato Grosso do Sul, UFMS, Corumb\u00e1 (MS), 2014. Orientador: M\u00f4nica de Carvalho Magalh\u00e3es Kassar.<\/a><\/p>\n<p><strong>2012<\/strong><\/p>\n<p><a href=\"http:\/\/ppeees-cpan.ufms.br\/wp-content\/uploads\/2015\/02\/ANDREADUARTEDEOLIVEIRA.pdf\" target=\"_blank\" rel=\"noopener\">OLIVEIRA, Andr\u00e9a Duarte de. <strong>Condi\u00e7\u00f5es de forma\u00e7\u00e3o continuada do Programa Educa\u00e7\u00e3o Inclusiva: Direito \u00e0 Diversidade. <\/strong>2012. Disserta\u00e7\u00e3o (Mestrado em Educa\u00e7\u00e3o). Universidade Federal de Mato Grosso do Sul, UFMS, Corumb\u00e1 (MS), 2012. Orientador: M\u00f4nica de Carvalho Magalh\u00e3es Kassar.<\/a><\/p>\n<p><a href=\"http:\/\/ppeees-cpan.ufms.br\/wp-content\/uploads\/2014\/12\/REBELO-2012.pdf\" target=\"_blank\" rel=\"noopener\">REBELO, Andressa Santos. <strong>Os impactos da pol\u00edtica de Atendimento Educacional Especializado: an\u00e1lise dos indicadores educacionais de matr\u00edculas de alunos com defici\u00eancia<\/strong>. 2012. Disserta\u00e7\u00e3o (Mestrado em Educa\u00e7\u00e3o). Universidade Federal de Mato Grosso do Sul, UFMS, Corumb\u00e1 (MS), 2012. Orientador: M\u00f4nica de Carvalho Magalh\u00e3es Kassar.<\/a><\/p>\n<p>&nbsp;<\/p>\n<h2 class=\"posttitle\"><\/h2>\n","protected":false},"excerpt":{"rendered":"<p>2017 MENDES, Daniel. Acessibilidade: uma an\u00e1lise da exist\u00eancia de barreiras \u00e0 inclus\u00e3o de alunos com defici\u00eancia\/NEE, na rede municipal de ensino de Corumb\u00e1\/MS. 2017. Disserta\u00e7\u00e3o (Mestrado em Educa\u00e7\u00e3o) &#8211; Universidade Federal de Mato Grosso do Sul. Orientador: M\u00f4nica de Carvalho Magalh\u00e3es Kassar. 2016 RONDON, Marcelo Messias.\u00a0Educa\u00e7\u00e3o infantil e Educa\u00e7\u00e3o Especial: os indicadores de matr\u00edculas nos [&hellip;]<\/p>\n","protected":false},"author":3,"featured_media":0,"comment_status":"closed","ping_status":"open","sticky":false,"template":"","format":"standard","meta":[],"categories":[16],"tags":[],"_links":{"self":[{"href":"https:\/\/ppeees-cpan.ufms.br\/index.php?rest_route=\/wp\/v2\/posts\/46"}],"collection":[{"href":"https:\/\/ppeees-cpan.ufms.br\/index.php?rest_route=\/wp\/v2\/posts"}],"about":[{"href":"https:\/\/ppeees-cpan.ufms.br\/index.php?rest_route=\/wp\/v2\/types\/post"}],"author":[{"embeddable":true,"href":"https:\/\/ppeees-cpan.ufms.br\/index.php?rest_route=\/wp\/v2\/users\/3"}],"replies":[{"embeddable":true,"href":"https:\/\/ppeees-cpan.ufms.br\/index.php?rest_route=%2Fwp%2Fv2%2Fcomments&post=46"}],"version-history":[{"count":33,"href":"https:\/\/ppeees-cpan.ufms.br\/index.php?rest_route=\/wp\/v2\/posts\/46\/revisions"}],"predecessor-version":[{"id":1757,"href":"https:\/\/ppeees-cpan.ufms.br\/index.php?rest_route=\/wp\/v2\/posts\/46\/revisions\/1757"}],"wp:attachment":[{"href":"https:\/\/ppeees-cpan.ufms.br\/index.php?rest_route=%2Fwp%2Fv2%2Fmedia&parent=46"}],"wp:term":[{"taxonomy":"category","embeddable":true,"href":"https:\/\/ppeees-cpan.ufms.br\/index.php?rest_route=%2Fwp%2Fv2%2Fcategories&post=46"},{"taxonomy":"post_tag","embeddable":true,"href":"https:\/\/ppeees-cpan.ufms.br\/index.php?rest_route=%2Fwp%2Fv2%2Ftags&post=46"}],"curies":[{"name":"wp","href":"https:\/\/api.w.org\/{rel}","templated":true}]}}