{"id":462,"date":"2016-02-09T18:54:02","date_gmt":"2016-02-09T18:54:02","guid":{"rendered":"http:\/\/ppeees.ufms.br\/?p=462"},"modified":"2023-04-14T12:30:35","modified_gmt":"2023-04-14T12:30:35","slug":"ii-encontro-interinstitucional-de-pesquisa-politicas-publicas-e-escolarizacao-de-alunos-com-deficiencia","status":"publish","type":"post","link":"https:\/\/ppeees-cpan.ufms.br\/?p=462","title":{"rendered":"II Encontro Interinstitucional de Pesquisa: Pol\u00edticas p\u00fablicas e escolariza\u00e7\u00e3o de alunos com defici\u00eancia"},"content":{"rendered":"<p><strong>II Encontro Interinstitucional de Pesquisa em Corumb\u00e1-MS<\/strong><\/p>\n<p>O\u00a0II Encontro Interinstitucional de Pesquisa:\u00a0Pol\u00edticas p\u00fablicas e escolariza\u00e7\u00e3o de alunos com defici\u00eancia realizou-se entre os dias\u00a028 a 30 de mar\u00e7o de 2012 no\u00a0Campus do Pantanal da Universidade Federal de Mato Grosso do Sul (CPAN\/UFMS) e no\u00a0Centro de Conven\u00e7\u00f5es do Pantanal de Corumb\u00e1 \u2013 Miguel Gom\u00e9z.<\/p>\n<p>Informa\u00e7\u00f5es:\u00a0<a href=\"http:\/\/ppgecpan.sites.ufms.br\/ii-encontro-interinstitucional-de-pesquisa-politicas-publicas-e-escolarizacao-de-alunos-com-deficiencia\/\" target=\"_blank\" rel=\"noopener\">http:\/\/ppgecpan.sites.ufms.br\/ii-encontro-interinstitucional-de-pesquisa-politicas-publicas-e-escolarizacao-de-alunos-com-deficiencia\/<\/a><\/p>\n<p>Programa\u00e7\u00e3o:\u00a0<a href=\"http:\/\/ppeees-cpan.ufms.br\/wp-content\/uploads\/2016\/02\/cronograma-de-atividades-ii-encontro-corumba-2012.pdf\" target=\"_blank\" rel=\"noopener\">http:\/\/ppeees-cpan.ufms.br\/wp-content\/uploads\/2016\/02\/cronograma-de-atividades-ii-encontro-corumba-2012.pdf<\/a><\/p>\n","protected":false},"excerpt":{"rendered":"<p>II Encontro Interinstitucional de Pesquisa em Corumb\u00e1-MS O\u00a0II Encontro Interinstitucional de Pesquisa:\u00a0Pol\u00edticas p\u00fablicas e escolariza\u00e7\u00e3o de alunos com defici\u00eancia realizou-se entre os dias\u00a028 a 30 de mar\u00e7o de 2012 no\u00a0Campus do Pantanal da Universidade Federal de Mato Grosso do Sul (CPAN\/UFMS) e no\u00a0Centro de Conven\u00e7\u00f5es do Pantanal de Corumb\u00e1 \u2013 Miguel Gom\u00e9z. Informa\u00e7\u00f5es:\u00a0http:\/\/ppgecpan.sites.ufms.br\/ii-encontro-interinstitucional-de-pesquisa-politicas-publicas-e-escolarizacao-de-alunos-com-deficiencia\/ Programa\u00e7\u00e3o:\u00a0http:\/\/ppeees-cpan.ufms.br\/wp-content\/uploads\/2016\/02\/cronograma-de-atividades-ii-encontro-corumba-2012.pdf<\/p>\n","protected":false},"author":3,"featured_media":0,"comment_status":"closed","ping_status":"open","sticky":false,"template":"","format":"standard","meta":[],"categories":[20],"tags":[],"_links":{"self":[{"href":"https:\/\/ppeees-cpan.ufms.br\/index.php?rest_route=\/wp\/v2\/posts\/462"}],"collection":[{"href":"https:\/\/ppeees-cpan.ufms.br\/index.php?rest_route=\/wp\/v2\/posts"}],"about":[{"href":"https:\/\/ppeees-cpan.ufms.br\/index.php?rest_route=\/wp\/v2\/types\/post"}],"author":[{"embeddable":true,"href":"https:\/\/ppeees-cpan.ufms.br\/index.php?rest_route=\/wp\/v2\/users\/3"}],"replies":[{"embeddable":true,"href":"https:\/\/ppeees-cpan.ufms.br\/index.php?rest_route=%2Fwp%2Fv2%2Fcomments&post=462"}],"version-history":[{"count":4,"href":"https:\/\/ppeees-cpan.ufms.br\/index.php?rest_route=\/wp\/v2\/posts\/462\/revisions"}],"predecessor-version":[{"id":1763,"href":"https:\/\/ppeees-cpan.ufms.br\/index.php?rest_route=\/wp\/v2\/posts\/462\/revisions\/1763"}],"wp:attachment":[{"href":"https:\/\/ppeees-cpan.ufms.br\/index.php?rest_route=%2Fwp%2Fv2%2Fmedia&parent=462"}],"wp:term":[{"taxonomy":"category","embeddable":true,"href":"https:\/\/ppeees-cpan.ufms.br\/index.php?rest_route=%2Fwp%2Fv2%2Fcategories&post=462"},{"taxonomy":"post_tag","embeddable":true,"href":"https:\/\/ppeees-cpan.ufms.br\/index.php?rest_route=%2Fwp%2Fv2%2Ftags&post=462"}],"curies":[{"name":"wp","href":"https:\/\/api.w.org\/{rel}","templated":true}]}}