{"id":465,"date":"2016-02-09T19:01:19","date_gmt":"2016-02-09T19:01:19","guid":{"rendered":"http:\/\/ppeees.ufms.br\/?p=465"},"modified":"2023-04-14T12:30:35","modified_gmt":"2023-04-14T12:30:35","slug":"i-encontro-interinstitucional-de-pesquisa-politicas-publicas-e-escolarizacao-de-alunos-com-deficiencia","status":"publish","type":"post","link":"https:\/\/ppeees-cpan.ufms.br\/?p=465","title":{"rendered":"I Encontro Interinstitucional de Pesquisa: Pol\u00edticas p\u00fablicas e escolariza\u00e7\u00e3o de alunos com defici\u00eancia"},"content":{"rendered":"<p><strong>I Encontro interinstitucional de pesquisa em Londrina-PR<\/strong><\/p>\n<p><span class=\"SubTitulo\">OBJETIVOS: a<\/span>profundar\u00a0os processos de investiga\u00e7\u00e3o e interc\u00e2mbio entre profissionais atuantes nas universidades envolvidas.<\/p>\n<p>Programa\u00e7\u00e3o:\u00a0<a href=\"http:\/\/www.uel.br\/pos\/mestredu\/index.php\/agenda\/eventos\/130-i-encontro-interinstitucional-de-pesquisa-politicas-publicas-e-escolarizacao-de-alunos-com-deficiencia-\" target=\"_blank\" rel=\"noopener\">http:\/\/www.uel.br\/pos\/mestredu\/index.php\/agenda\/eventos\/130-i-encontro-interinstitucional-de-pesquisa-politicas-publicas-e-escolarizacao-de-alunos-com-deficiencia-<\/a><\/p>\n","protected":false},"excerpt":{"rendered":"<p>I Encontro interinstitucional de pesquisa em Londrina-PR OBJETIVOS: aprofundar\u00a0os processos de investiga\u00e7\u00e3o e interc\u00e2mbio entre profissionais atuantes nas universidades envolvidas. Programa\u00e7\u00e3o:\u00a0http:\/\/www.uel.br\/pos\/mestredu\/index.php\/agenda\/eventos\/130-i-encontro-interinstitucional-de-pesquisa-politicas-publicas-e-escolarizacao-de-alunos-com-deficiencia-<\/p>\n","protected":false},"author":3,"featured_media":0,"comment_status":"closed","ping_status":"open","sticky":false,"template":"","format":"standard","meta":[],"categories":[20],"tags":[],"_links":{"self":[{"href":"https:\/\/ppeees-cpan.ufms.br\/index.php?rest_route=\/wp\/v2\/posts\/465"}],"collection":[{"href":"https:\/\/ppeees-cpan.ufms.br\/index.php?rest_route=\/wp\/v2\/posts"}],"about":[{"href":"https:\/\/ppeees-cpan.ufms.br\/index.php?rest_route=\/wp\/v2\/types\/post"}],"author":[{"embeddable":true,"href":"https:\/\/ppeees-cpan.ufms.br\/index.php?rest_route=\/wp\/v2\/users\/3"}],"replies":[{"embeddable":true,"href":"https:\/\/ppeees-cpan.ufms.br\/index.php?rest_route=%2Fwp%2Fv2%2Fcomments&post=465"}],"version-history":[{"count":3,"href":"https:\/\/ppeees-cpan.ufms.br\/index.php?rest_route=\/wp\/v2\/posts\/465\/revisions"}],"predecessor-version":[{"id":1762,"href":"https:\/\/ppeees-cpan.ufms.br\/index.php?rest_route=\/wp\/v2\/posts\/465\/revisions\/1762"}],"wp:attachment":[{"href":"https:\/\/ppeees-cpan.ufms.br\/index.php?rest_route=%2Fwp%2Fv2%2Fmedia&parent=465"}],"wp:term":[{"taxonomy":"category","embeddable":true,"href":"https:\/\/ppeees-cpan.ufms.br\/index.php?rest_route=%2Fwp%2Fv2%2Fcategories&post=465"},{"taxonomy":"post_tag","embeddable":true,"href":"https:\/\/ppeees-cpan.ufms.br\/index.php?rest_route=%2Fwp%2Fv2%2Ftags&post=465"}],"curies":[{"name":"wp","href":"https:\/\/api.w.org\/{rel}","templated":true}]}}