{"id":520,"date":"2016-06-09T20:08:15","date_gmt":"2016-06-09T20:08:15","guid":{"rendered":"http:\/\/ppeees.ufms.br\/?p=520"},"modified":"2023-04-14T12:29:55","modified_gmt":"2023-04-14T12:29:55","slug":"seculo-xix","status":"publish","type":"post","link":"https:\/\/ppeees-cpan.ufms.br\/?p=520","title":{"rendered":"D\u00e9cadas 1880 e 1890"},"content":{"rendered":"<p>LEITE, Tobias Rabello. <a href=\"http:\/\/ppeees-cpan.ufms.br\/wp-content\/uploads\/2016\/06\/LEITE.-Educa\u00e7\u00e3o-dos-surdos-mudos-1884.pdf\" target=\"_blank\" rel=\"noopener\"><strong>26\u00aa Quest\u00e3o: Educa\u00e7\u00e3o dos surdos-mudos 1884<\/strong><\/a>. Actas e pareceres do Congresso da Instru\u00e7\u00e3o. Rio de Janeiro: Typographia Nacional, 1884.<\/p>\n<p>MOURA E SILVA, A. F de. <strong>Relat\u00f3rio apresentado aos Directos do Instituto dos Surdos-Mudos<\/strong>. Rio de Janeiro: Imprensa Nacional, 1896. P\u00e1ginas: <a href=\"http:\/\/ppeees-cpan.ufms.br\/wp-content\/uploads\/2016\/06\/MOURA-E-SILVA.-Relat\u00f3rio-apresentado-aos-Directos-do-Instituto-dos-Surdos-Mudos-1.pdf\" target=\"_blank\" rel=\"noopener\">1<\/a>, <a href=\"http:\/\/ppeees-cpan.ufms.br\/wp-content\/uploads\/2016\/06\/MOURA-E-SILVA.-Relat\u00f3rio-apresentado-aos-Directos-do-Instituto-dos-Surdos-Mudos-2.pdf\" target=\"_blank\" rel=\"noopener\">2<\/a>, <a href=\"http:\/\/ppeees-cpan.ufms.br\/wp-content\/uploads\/2016\/06\/MOURA-E-SILVA.-Relat\u00f3rio-apresentado-aos-Directos-do-Instituto-dos-Surdos-Mudos-3.pdf\" target=\"_blank\" rel=\"noopener\">3<\/a>, <a href=\"http:\/\/ppeees-cpan.ufms.br\/wp-content\/uploads\/2016\/06\/MOURA-E-SILVA.-Relat\u00f3rio-apresentado-aos-Directos-do-Instituto-dos-Surdos-Mudos-4.pdf\" target=\"_blank\" rel=\"noopener\">4<\/a>, <a href=\"http:\/\/ppeees-cpan.ufms.br\/wp-content\/uploads\/2016\/06\/MOURA-E-SILVA.-Relat\u00f3rio-apresentado-aos-Directos-do-Instituto-dos-Surdos-Mudos-5.pdf\" target=\"_blank\" rel=\"noopener\">5<\/a>, <a href=\"http:\/\/ppeees-cpan.ufms.br\/wp-content\/uploads\/2016\/06\/MOURA-E-SILVA.-Relat\u00f3rio-apresentado-aos-Directos-do-Instituto-dos-Surdos-Mudos-6.pdf\" target=\"_blank\" rel=\"noopener\">6<\/a>, <a href=\"http:\/\/ppeees-cpan.ufms.br\/wp-content\/uploads\/2016\/06\/MOURA-E-SILVA.-Relat\u00f3rio-apresentado-aos-Directos-do-Instituto-dos-Surdos-Mudos-7.pdf\" target=\"_blank\" rel=\"noopener\">7<\/a>, <a href=\"http:\/\/ppeees-cpan.ufms.br\/wp-content\/uploads\/2016\/06\/MOURA-E-SILVA.-Relat\u00f3rio-apresentado-aos-Directos-do-Instituto-dos-Surdos-Mudos-8.pdf\" target=\"_blank\" rel=\"noopener\">8<\/a>, <a href=\"http:\/\/ppeees-cpan.ufms.br\/wp-content\/uploads\/2016\/06\/MOURA-E-SILVA.-Relat\u00f3rio-apresentado-aos-Directos-do-Instituto-dos-Surdos-Mudos-9.pdf\" target=\"_blank\" rel=\"noopener\">9<\/a>.<\/p>\n","protected":false},"excerpt":{"rendered":"<p>LEITE, Tobias Rabello. 26\u00aa Quest\u00e3o: Educa\u00e7\u00e3o dos surdos-mudos 1884. Actas e pareceres do Congresso da Instru\u00e7\u00e3o. Rio de Janeiro: Typographia Nacional, 1884. MOURA E SILVA, A. F de. Relat\u00f3rio apresentado aos Directos do Instituto dos Surdos-Mudos. Rio de Janeiro: Imprensa Nacional, 1896. P\u00e1ginas: 1, 2, 3, 4, 5, 6, 7, 8, 9.<\/p>\n","protected":false},"author":3,"featured_media":0,"comment_status":"closed","ping_status":"open","sticky":false,"template":"","format":"standard","meta":[],"categories":[5,24],"tags":[],"_links":{"self":[{"href":"https:\/\/ppeees-cpan.ufms.br\/index.php?rest_route=\/wp\/v2\/posts\/520"}],"collection":[{"href":"https:\/\/ppeees-cpan.ufms.br\/index.php?rest_route=\/wp\/v2\/posts"}],"about":[{"href":"https:\/\/ppeees-cpan.ufms.br\/index.php?rest_route=\/wp\/v2\/types\/post"}],"author":[{"embeddable":true,"href":"https:\/\/ppeees-cpan.ufms.br\/index.php?rest_route=\/wp\/v2\/users\/3"}],"replies":[{"embeddable":true,"href":"https:\/\/ppeees-cpan.ufms.br\/index.php?rest_route=%2Fwp%2Fv2%2Fcomments&post=520"}],"version-history":[{"count":7,"href":"https:\/\/ppeees-cpan.ufms.br\/index.php?rest_route=\/wp\/v2\/posts\/520\/revisions"}],"predecessor-version":[{"id":1755,"href":"https:\/\/ppeees-cpan.ufms.br\/index.php?rest_route=\/wp\/v2\/posts\/520\/revisions\/1755"}],"wp:attachment":[{"href":"https:\/\/ppeees-cpan.ufms.br\/index.php?rest_route=%2Fwp%2Fv2%2Fmedia&parent=520"}],"wp:term":[{"taxonomy":"category","embeddable":true,"href":"https:\/\/ppeees-cpan.ufms.br\/index.php?rest_route=%2Fwp%2Fv2%2Fcategories&post=520"},{"taxonomy":"post_tag","embeddable":true,"href":"https:\/\/ppeees-cpan.ufms.br\/index.php?rest_route=%2Fwp%2Fv2%2Ftags&post=520"}],"curies":[{"name":"wp","href":"https:\/\/api.w.org\/{rel}","templated":true}]}}