{"id":632,"date":"2016-06-09T20:19:05","date_gmt":"2016-06-09T20:19:05","guid":{"rendered":"http:\/\/ppeees.ufms.br\/?p=632"},"modified":"2023-04-14T12:30:34","modified_gmt":"2023-04-14T12:30:34","slug":"acervo-virtual","status":"publish","type":"post","link":"https:\/\/ppeees-cpan.ufms.br\/?p=632","title":{"rendered":"Estudo das rela\u00e7\u00f5es entre o atendimento \u00e0 pessoa com defici\u00eancia no Brasil e a produ\u00e7\u00e3o europeia e norte-americana"},"content":{"rendered":"<div class=\"layout-cell-pad-5\">2013 &#8211; Atual<\/div>\n<div class=\"layout-cell-pad-5\"><\/div>\n<div class=\"layout-cell-pad-5\">Na hist\u00f3ria da educa\u00e7\u00e3o especial brasileira, h\u00e1 in\u00fameros exemplos de refer\u00eancias estrangeiras nas pol\u00edticas e pr\u00e1ticas adotadas em rela\u00e7\u00e3o ao atendimento educacional das pessoas com defici\u00eancias. Partindo dessa constata\u00e7\u00e3o, o objetivo deste projeto consiste em conhecer a rela\u00e7\u00e3o entre as concep\u00e7\u00f5es de defici\u00eancia e de seu atendimento na Europa e Am\u00e9rica do Norte a forma\u00e7\u00e3o da perspectiva da pol\u00edtica de atendimento educacional no Brasil para essa popula\u00e7\u00e3o. O corpus da pesquisa constitui-se de documentos da legisla\u00e7\u00e3o brasileira, produ\u00e7\u00e3o cient\u00edfica brasileira referente \u00e0 defici\u00eancia e seu atendimento em diferentes \u00e9pocas, produ\u00e7\u00e3o cient\u00edfica europeia e norte-americana referente \u00e0 defici\u00eancia e seu atendimento em diferentes \u00e9pocas, e documentos internacionais de orienta\u00e7\u00e3o a diferentes pa\u00edses. Trata-se de uma pesquisa documental e para fins de organiza\u00e7\u00e3o dos procedimentos de coleta e an\u00e1lise dos dados, dividimos o trabalho em tr\u00eas per\u00edodos: Col\u00f4nia e Imp\u00e9rio; in\u00edcio da Rep\u00fablica at\u00e9 a Constitui\u00e7\u00e3o de 1988; e da Constitui\u00e7\u00e3o de 1988 at\u00e9 o in\u00edcio do s\u00e9culo XXI.<\/div>\n<div class=\"layout-cell-pad-5\"><\/div>\n<div class=\"layout-cell-pad-5\">Integrantes: Andressa Santos Rebelo &#8211; Integrante \/ M\u00f4nica de Carvalho Magalh\u00e3es Kassar &#8211; Coordenador \/ Gilberta Sampaio de Martino Jannuzzi &#8211; Integrante.<\/div>\n<div class=\"layout-cell-pad-5\">____________________________________________________<\/div>\n<div class=\"layout-cell layout-cell-9\">\n<div class=\"layout-cell-pad-5\"><\/div>\n<div class=\"layout-cell-pad-5\">Disponibilizamos o acesso a parte do\u00a0material coletado, com documentos digitalizados sobre a educa\u00e7\u00e3o da pessoa com defici\u00eancia relativos ao s\u00e9culo XIX e s\u00e9culo XX, catalogados por d\u00e9cadas.<\/div>\n<div class=\"layout-cell-pad-5\"><\/div>\n<div class=\"layout-cell-pad-5\">Caso deseje colaborar com a constru\u00e7\u00e3o do acervo, com envio de material, d\u00favidas, ou sugest\u00f5es entre em contato por meio do email: <strong>creiaufms@gmail.com<\/strong>.<\/div>\n<div class=\"layout-cell-pad-5\"><\/div>\n<div class=\"layout-cell-pad-5\"><strong>ACERVO VIRTUAL NO MENU:<\/strong><\/div>\n<div class=\"layout-cell-pad-5\"><\/div>\n<div class=\"layout-cell-pad-5\"><strong>ACERVO VIRTUAL&gt; <a href=\"http:\/\/ppeees-cpan.ufms.br\/?cat=24\" target=\"_blank\" rel=\"noopener\">S\u00c9CULO XIX<\/a><\/strong><\/div>\n<div class=\"layout-cell-pad-5\"><strong>ACERVO VIRTUAL&gt;\u00a0<a href=\"http:\/\/ppeees-cpan.ufms.br\/?cat=25\" target=\"_blank\" rel=\"noopener\">S\u00c9CULO XX<\/a><\/strong><\/div>\n<div class=\"layout-cell-pad-5\"><\/div>\n<\/div>\n","protected":false},"excerpt":{"rendered":"<p>2013 &#8211; Atual Na hist\u00f3ria da educa\u00e7\u00e3o especial brasileira, h\u00e1 in\u00fameros exemplos de refer\u00eancias estrangeiras nas pol\u00edticas e pr\u00e1ticas adotadas em rela\u00e7\u00e3o ao atendimento educacional das pessoas com defici\u00eancias. Partindo dessa constata\u00e7\u00e3o, o objetivo deste projeto consiste em conhecer a rela\u00e7\u00e3o entre as concep\u00e7\u00f5es de defici\u00eancia e de seu atendimento na Europa e Am\u00e9rica do [&hellip;]<\/p>\n","protected":false},"author":3,"featured_media":0,"comment_status":"closed","ping_status":"open","sticky":false,"template":"","format":"standard","meta":[],"categories":[5,26],"tags":[],"_links":{"self":[{"href":"https:\/\/ppeees-cpan.ufms.br\/index.php?rest_route=\/wp\/v2\/posts\/632"}],"collection":[{"href":"https:\/\/ppeees-cpan.ufms.br\/index.php?rest_route=\/wp\/v2\/posts"}],"about":[{"href":"https:\/\/ppeees-cpan.ufms.br\/index.php?rest_route=\/wp\/v2\/types\/post"}],"author":[{"embeddable":true,"href":"https:\/\/ppeees-cpan.ufms.br\/index.php?rest_route=\/wp\/v2\/users\/3"}],"replies":[{"embeddable":true,"href":"https:\/\/ppeees-cpan.ufms.br\/index.php?rest_route=%2Fwp%2Fv2%2Fcomments&post=632"}],"version-history":[{"count":31,"href":"https:\/\/ppeees-cpan.ufms.br\/index.php?rest_route=\/wp\/v2\/posts\/632\/revisions"}],"predecessor-version":[{"id":1760,"href":"https:\/\/ppeees-cpan.ufms.br\/index.php?rest_route=\/wp\/v2\/posts\/632\/revisions\/1760"}],"wp:attachment":[{"href":"https:\/\/ppeees-cpan.ufms.br\/index.php?rest_route=%2Fwp%2Fv2%2Fmedia&parent=632"}],"wp:term":[{"taxonomy":"category","embeddable":true,"href":"https:\/\/ppeees-cpan.ufms.br\/index.php?rest_route=%2Fwp%2Fv2%2Fcategories&post=632"},{"taxonomy":"post_tag","embeddable":true,"href":"https:\/\/ppeees-cpan.ufms.br\/index.php?rest_route=%2Fwp%2Fv2%2Ftags&post=632"}],"curies":[{"name":"wp","href":"https:\/\/api.w.org\/{rel}","templated":true}]}}