{"id":636,"date":"2016-06-09T20:10:40","date_gmt":"2016-06-09T20:10:40","guid":{"rendered":"http:\/\/ppeees.ufms.br\/?p=636"},"modified":"2023-04-14T12:29:55","modified_gmt":"2023-04-14T12:29:55","slug":"decada-1920","status":"publish","type":"post","link":"https:\/\/ppeees-cpan.ufms.br\/?p=636","title":{"rendered":"D\u00e9cada 1920"},"content":{"rendered":"<p>PEIXOTO, Anamaria Casasanta. <strong>A Educa\u00e7\u00e3o Especial na perspectiva dos anos 20 em Minas Gerais<\/strong>. Faculdade de Educa\u00e7\u00e3o de Minas Gerais. P\u00e1ginas: <strong><a href=\"http:\/\/ppeees-cpan.ufms.br\/wp-content\/uploads\/2016\/06\/ANAMARIA-CASASANTA-PEIXOTO-1.pdf\" target=\"_blank\" rel=\"noopener\">1<\/a>, <a href=\"http:\/\/ppeees-cpan.ufms.br\/wp-content\/uploads\/2016\/06\/ANAMARIA-CASASANTA-PEIXOTO-2.pdf\" target=\"_blank\" rel=\"noopener\">2<\/a>, <a href=\"http:\/\/ppeees-cpan.ufms.br\/wp-content\/uploads\/2016\/06\/ANAMARIA-CASASANTA-PEIXOTO-3.pdf\" target=\"_blank\" rel=\"noopener\">3<\/a>, <a href=\"http:\/\/ppeees-cpan.ufms.br\/wp-content\/uploads\/2016\/06\/ANAMARIA-CASASANTA-PEIXOTO-4.pdf\" target=\"_blank\" rel=\"noopener\">4<\/a>, <a href=\"http:\/\/ppeees-cpan.ufms.br\/wp-content\/uploads\/2016\/06\/ANAMARIA-CASASANTA-PEIXOTO-5.pdf\" target=\"_blank\" rel=\"noopener\">5<\/a>, <a href=\"http:\/\/ppeees-cpan.ufms.br\/wp-content\/uploads\/2016\/06\/ANAMARIA-CASASANTA-PEIXOTO-6.pdf\" target=\"_blank\" rel=\"noopener\">6<\/a>, <a href=\"http:\/\/ppeees-cpan.ufms.br\/wp-content\/uploads\/2016\/06\/ANAMARIA-CASASANTA-PEIXOTO-7.pdf\" target=\"_blank\" rel=\"noopener\">7<\/a>.<\/strong><\/p>\n<p>REVISTA DE EDUCA\u00c7\u00c3O. 1927. Vol 1. <a href=\"http:\/\/ppeees-cpan.ufms.br\/wp-content\/uploads\/2016\/06\/V-CONGRESSO-PAN-AMERICANO-DA-CRIAN\u00c7A-A-PARTICIPA\u00c7\u00c3O-DE-SP.pdf\" target=\"_blank\" rel=\"noopener\"><strong>V Congresso Pan Americano da crian\u00e7a e participa\u00e7\u00e3o de S\u00e3o Paulo<\/strong><\/a>.<\/p>\n<p>REVISTA EDUCA\u00c7\u00c3O. 1929. BAPTISTA, Vicente. <a href=\"http:\/\/ppeees-cpan.ufms.br\/wp-content\/uploads\/2016\/06\/BAPTISTA.-Hygiene-Mental_-Notas-Pedag\u00f3gicas.jpg\" target=\"_blank\" rel=\"noopener\"><strong>Hygiene Mental<\/strong><\/a>. Notas Pedag\u00f3gicas 1.<\/p>\n<p>REVISTA EDUCA\u00c7\u00c3O. 1929. BAPTISTA, Vicente. <a href=\"http:\/\/ppeees-cpan.ufms.br\/wp-content\/uploads\/2016\/06\/BAPTISTA.-Hygiene-Mental_-Notas-Pedag\u00f3gicas-2.jpg\" target=\"_blank\" rel=\"noopener\"><strong>Hygiene Mental<\/strong><\/a>. Notas Pedag\u00f3gicas 2.<\/p>\n<p>REVISTA EDUCA\u00c7\u00c3O. 1929. Vol III. <a href=\"http:\/\/ppeees-cpan.ufms.br\/wp-content\/uploads\/2016\/06\/A-APLICA\u00c7\u00c3O-DOS-TESTES-AMERICANOS.jpg\" target=\"_blank\" rel=\"noopener\"><strong>A aplica\u00e7\u00e3o dos testes americanos<\/strong><\/a>.<\/p>\n<p>REVISTA EDUCA\u00c7\u00c3O. 1929. Vol III. <a href=\"http:\/\/ppeees-cpan.ufms.br\/wp-content\/uploads\/2016\/06\/INAUGURA\u00c7\u00c3O-DA-ESCOLA-PACHECO-SILVA.jpg\" target=\"_blank\" rel=\"noopener\"><strong>Inaugura\u00e7\u00e3o da Escola Pacheco Silva<\/strong><\/a>.<\/p>\n<p>REVISTA MENSAL DEDICADA \u00c0 DEFESA DA INSTRU\u00c7\u00c3O NO BRASIL. 1923. CARVALHO NETO. <strong>Pela Educa\u00e7\u00e3o dos Anormaes<\/strong>. P\u00e1ginas: <strong><a href=\"http:\/\/ppeees-cpan.ufms.br\/wp-content\/uploads\/2016\/06\/CARVALHO-NETO.-Pela-Educa\u00e7\u00e3o-dos-Anormaes.pdf\" target=\"_blank\" rel=\"noopener\">1<\/a>, <a href=\"http:\/\/ppeees-cpan.ufms.br\/wp-content\/uploads\/2016\/06\/CARVALHO-NETO.-Pela-Educa\u00e7\u00e3o-dos-Anormaes-2.pdf\" target=\"_blank\" rel=\"noopener\">2<\/a>, <a href=\"http:\/\/ppeees-cpan.ufms.br\/wp-content\/uploads\/2016\/06\/CARVALHO-NETO.-Pela-Educa\u00e7\u00e3o-dos-Anormaes-3.pdf\" target=\"_blank\" rel=\"noopener\">3<\/a>, <a href=\"http:\/\/ppeees-cpan.ufms.br\/wp-content\/uploads\/2016\/06\/CARVALHO-NETO.-Pela-Educa\u00e7\u00e3o-dos-Anormaes-4.pdf\" target=\"_blank\" rel=\"noopener\">4<\/a>, <a href=\"http:\/\/ppeees-cpan.ufms.br\/wp-content\/uploads\/2016\/06\/CARVALHO-NETO.-Pela-Educa\u00e7\u00e3o-dos-Anormaes-5.pdf\" target=\"_blank\" rel=\"noopener\">5<\/a>.<\/strong><\/p>\n<p>&nbsp;<\/p>\n","protected":false},"excerpt":{"rendered":"<p>PEIXOTO, Anamaria Casasanta. A Educa\u00e7\u00e3o Especial na perspectiva dos anos 20 em Minas Gerais. Faculdade de Educa\u00e7\u00e3o de Minas Gerais. P\u00e1ginas: 1, 2, 3, 4, 5, 6, 7. REVISTA DE EDUCA\u00c7\u00c3O. 1927. Vol 1. V Congresso Pan Americano da crian\u00e7a e participa\u00e7\u00e3o de S\u00e3o Paulo. REVISTA EDUCA\u00c7\u00c3O. 1929. BAPTISTA, Vicente. Hygiene Mental. Notas Pedag\u00f3gicas 1. [&hellip;]<\/p>\n","protected":false},"author":3,"featured_media":0,"comment_status":"closed","ping_status":"open","sticky":false,"template":"","format":"standard","meta":[],"categories":[5,25],"tags":[],"_links":{"self":[{"href":"https:\/\/ppeees-cpan.ufms.br\/index.php?rest_route=\/wp\/v2\/posts\/636"}],"collection":[{"href":"https:\/\/ppeees-cpan.ufms.br\/index.php?rest_route=\/wp\/v2\/posts"}],"about":[{"href":"https:\/\/ppeees-cpan.ufms.br\/index.php?rest_route=\/wp\/v2\/types\/post"}],"author":[{"embeddable":true,"href":"https:\/\/ppeees-cpan.ufms.br\/index.php?rest_route=\/wp\/v2\/users\/3"}],"replies":[{"embeddable":true,"href":"https:\/\/ppeees-cpan.ufms.br\/index.php?rest_route=%2Fwp%2Fv2%2Fcomments&post=636"}],"version-history":[{"count":2,"href":"https:\/\/ppeees-cpan.ufms.br\/index.php?rest_route=\/wp\/v2\/posts\/636\/revisions"}],"predecessor-version":[{"id":1745,"href":"https:\/\/ppeees-cpan.ufms.br\/index.php?rest_route=\/wp\/v2\/posts\/636\/revisions\/1745"}],"wp:attachment":[{"href":"https:\/\/ppeees-cpan.ufms.br\/index.php?rest_route=%2Fwp%2Fv2%2Fmedia&parent=636"}],"wp:term":[{"taxonomy":"category","embeddable":true,"href":"https:\/\/ppeees-cpan.ufms.br\/index.php?rest_route=%2Fwp%2Fv2%2Fcategories&post=636"},{"taxonomy":"post_tag","embeddable":true,"href":"https:\/\/ppeees-cpan.ufms.br\/index.php?rest_route=%2Fwp%2Fv2%2Ftags&post=636"}],"curies":[{"name":"wp","href":"https:\/\/api.w.org\/{rel}","templated":true}]}}