{"id":655,"date":"2016-06-09T20:09:22","date_gmt":"2016-06-09T20:09:22","guid":{"rendered":"http:\/\/ppeees.ufms.br\/?p=655"},"modified":"2023-04-14T12:30:23","modified_gmt":"2023-04-14T12:30:23","slug":"sem-data","status":"publish","type":"post","link":"https:\/\/ppeees-cpan.ufms.br\/?p=655","title":{"rendered":"Sem data"},"content":{"rendered":"<p>ANTIPOFF. <strong>Revista Brasileira de Estudos Pedag\u00f3gicos<\/strong>. P\u00e1ginas: <strong><a href=\"http:\/\/ppeees-cpan.ufms.br\/wp-content\/uploads\/2016\/06\/ANTIPOFF.-Revista-Brasileira-de-Estudos-Pedag\u00f3gicos.pdf\" target=\"_blank\" rel=\"noopener\">1<\/a>, <a href=\"http:\/\/ppeees-cpan.ufms.br\/wp-content\/uploads\/2016\/06\/ANTIPOFF.-Revista-Brasileira-de-Estudos-Pedag\u00f3gicos-2.pdf\" target=\"_blank\" rel=\"noopener\">2<\/a><\/strong>.<\/p>\n<p>REVISTA DO G\u00c1S. <strong>Uma vida dedicada \u00e0 crian\u00e7a excepcional (Helena Antipoff)<\/strong>. P\u00e1ginas: <strong><a href=\"http:\/\/ppeees-cpan.ufms.br\/wp-content\/uploads\/2016\/06\/REVISTA-DO-G\u00c1S.-Uma-vida-dedicada-\u00e0-crian\u00e7a-excepcional.pdf\" target=\"_blank\" rel=\"noopener\">1<\/a>, <a href=\"http:\/\/ppeees-cpan.ufms.br\/wp-content\/uploads\/2016\/06\/REVISTA-DO-G\u00c1S.-Uma-vida-dedicada-\u00e0-crian\u00e7a-excepcional-2.pdf\" target=\"_blank\" rel=\"noopener\">2<\/a>, <a href=\"http:\/\/ppeees-cpan.ufms.br\/wp-content\/uploads\/2016\/06\/REVISTA-DO-G\u00c1S.-Uma-vida-dedicada-\u00e0-crian\u00e7a-excepcional-3.pdf\" target=\"_blank\" rel=\"noopener\">3<\/a>, <a href=\"http:\/\/ppeees-cpan.ufms.br\/wp-content\/uploads\/2016\/06\/REVISTA-DO-G\u00c1S.-Uma-vida-dedicada-\u00e0-crian\u00e7a-excepcional-4.pdf\" target=\"_blank\" rel=\"noopener\">4<\/a>, <a href=\"http:\/\/ppeees-cpan.ufms.br\/wp-content\/uploads\/2016\/06\/REVISTA-DO-G\u00c1S.-Uma-vida-dedicada-\u00e0-crian\u00e7a-excepcional-5.pdf\" target=\"_blank\" rel=\"noopener\">5<\/a>, <a href=\"http:\/\/ppeees-cpan.ufms.br\/wp-content\/uploads\/2016\/06\/REVISTA-DO-G\u00c1S.-Uma-vida-dedicada-\u00e0-crian\u00e7a-excepcional-6.pdf\" target=\"_blank\" rel=\"noopener\">6<\/a>, <a href=\"http:\/\/ppeees-cpan.ufms.br\/wp-content\/uploads\/2016\/06\/REVISTA-DO-G\u00c1S.-Uma-vida-dedicada-\u00e0-crian\u00e7a-excepcional-7.pdf\" target=\"_blank\" rel=\"noopener\">7<\/a>, <a href=\"http:\/\/ppeees-cpan.ufms.br\/wp-content\/uploads\/2016\/06\/REVISTA-DO-G\u00c1S.-Uma-vida-dedicada-\u00e0-crian\u00e7a-excepcional-8.pdf\" target=\"_blank\" rel=\"noopener\">8<\/a>, <a href=\"http:\/\/ppeees-cpan.ufms.br\/wp-content\/uploads\/2016\/06\/REVISTA-DO-G\u00c1S.-Uma-vida-dedicada-\u00e0-crian\u00e7a-excepcional-9.pdf\" target=\"_blank\" rel=\"noopener\">9<\/a><\/strong>.<\/p>\n<p>&nbsp;<\/p>\n","protected":false},"excerpt":{"rendered":"<p>ANTIPOFF. Revista Brasileira de Estudos Pedag\u00f3gicos. P\u00e1ginas: 1, 2. REVISTA DO G\u00c1S. Uma vida dedicada \u00e0 crian\u00e7a excepcional (Helena Antipoff). P\u00e1ginas: 1, 2, 3, 4, 5, 6, 7, 8, 9. &nbsp;<\/p>\n","protected":false},"author":3,"featured_media":0,"comment_status":"closed","ping_status":"open","sticky":false,"template":"","format":"standard","meta":[],"categories":[5,25,1],"tags":[],"_links":{"self":[{"href":"https:\/\/ppeees-cpan.ufms.br\/index.php?rest_route=\/wp\/v2\/posts\/655"}],"collection":[{"href":"https:\/\/ppeees-cpan.ufms.br\/index.php?rest_route=\/wp\/v2\/posts"}],"about":[{"href":"https:\/\/ppeees-cpan.ufms.br\/index.php?rest_route=\/wp\/v2\/types\/post"}],"author":[{"embeddable":true,"href":"https:\/\/ppeees-cpan.ufms.br\/index.php?rest_route=\/wp\/v2\/users\/3"}],"replies":[{"embeddable":true,"href":"https:\/\/ppeees-cpan.ufms.br\/index.php?rest_route=%2Fwp%2Fv2%2Fcomments&post=655"}],"version-history":[{"count":3,"href":"https:\/\/ppeees-cpan.ufms.br\/index.php?rest_route=\/wp\/v2\/posts\/655\/revisions"}],"predecessor-version":[{"id":1773,"href":"https:\/\/ppeees-cpan.ufms.br\/index.php?rest_route=\/wp\/v2\/posts\/655\/revisions\/1773"}],"wp:attachment":[{"href":"https:\/\/ppeees-cpan.ufms.br\/index.php?rest_route=%2Fwp%2Fv2%2Fmedia&parent=655"}],"wp:term":[{"taxonomy":"category","embeddable":true,"href":"https:\/\/ppeees-cpan.ufms.br\/index.php?rest_route=%2Fwp%2Fv2%2Fcategories&post=655"},{"taxonomy":"post_tag","embeddable":true,"href":"https:\/\/ppeees-cpan.ufms.br\/index.php?rest_route=%2Fwp%2Fv2%2Ftags&post=655"}],"curies":[{"name":"wp","href":"https:\/\/api.w.org\/{rel}","templated":true}]}}