{"id":686,"date":"2016-06-09T20:12:41","date_gmt":"2016-06-09T20:12:41","guid":{"rendered":"http:\/\/ppeees.ufms.br\/?p=686"},"modified":"2023-04-14T12:29:55","modified_gmt":"2023-04-14T12:29:55","slug":"decada-1950","status":"publish","type":"post","link":"https:\/\/ppeees-cpan.ufms.br\/?p=686","title":{"rendered":"D\u00e9cada 1950"},"content":{"rendered":"<p>ANTIPOFF, Helena. <a href=\"http:\/\/ppeees-cpan.ufms.br\/wp-content\/uploads\/2016\/06\/50-digitalizar0003.pdf\" target=\"_blank\" rel=\"noopener\"><strong>O problema dos retardados mentais na escola prim\u00e1ria e secund\u00e1ria<\/strong><\/a>. Educa\u00e7\u00e3o, Rio de Janeiro, n. 1, p. 1-8, 1953.<\/p>\n<p><strong>Revista Brasileira de Estudos Pedag\u00f3gicos<\/strong>. O problema dos retardados mentais na escola prim\u00e1ria e secund\u00e1ria. 1954. n\u00b054. P\u00e1ginas: <strong><a href=\"http:\/\/ppeees-cpan.ufms.br\/wp-content\/uploads\/2016\/06\/Revista-Brasileira-de-Estudos-Pedag\u00f3gicos-1954-1.pdf\" target=\"_blank\" rel=\"noopener\">1<\/a>, <a href=\"http:\/\/ppeees-cpan.ufms.br\/wp-content\/uploads\/2016\/06\/Revista-Brasileira-de-Estudos-Pedag\u00f3gicos-1954-2.pdf\" target=\"_blank\" rel=\"noopener\">2<\/a>, <a href=\"http:\/\/ppeees-cpan.ufms.br\/wp-content\/uploads\/2016\/06\/Revista-Brasileira-de-Estudos-Pedag\u00f3gicos-1954-3.pdf\" target=\"_blank\" rel=\"noopener\">3<\/a>, <a href=\"http:\/\/ppeees-cpan.ufms.br\/wp-content\/uploads\/2016\/06\/Revista-Brasileira-de-Estudos-Pedag\u00f3gicos-1954-4.pdf\" target=\"_blank\" rel=\"noopener\">4<\/a>, <a href=\"http:\/\/ppeees-cpan.ufms.br\/wp-content\/uploads\/2016\/06\/Revista-Brasileira-de-Estudos-Pedag\u00f3gicos-1954-5.pdf\" target=\"_blank\" rel=\"noopener\">5<\/a>, <a href=\"http:\/\/ppeees-cpan.ufms.br\/wp-content\/uploads\/2016\/06\/Revista-Brasileira-de-Estudos-Pedag\u00f3gicos-1954-6.pdf\" target=\"_blank\" rel=\"noopener\">6<\/a>, <a href=\"http:\/\/ppeees-cpan.ufms.br\/wp-content\/uploads\/2016\/06\/Revista-Brasileira-de-Estudos-Pedag\u00f3gicos-1954-7.pdf\" target=\"_blank\" rel=\"noopener\">7<\/a><\/strong>.<\/p>\n<p><strong>Revista Brasileira de Estudos pedag\u00f3gicos<\/strong>. O problema dos cegos no Brasil.\u00a01954. n\u00b055. P\u00e1ginas: <strong><a href=\"http:\/\/ppeees-cpan.ufms.br\/wp-content\/uploads\/2016\/06\/Digitalizado-em-16-05-2013-16-54.pdf\" target=\"_blank\" rel=\"noopener\">Capa<\/a>, <a href=\"http:\/\/ppeees-cpan.ufms.br\/wp-content\/uploads\/2016\/06\/Revista-Brasileira-de-Estudos-Pedag\u00f3gicos-1954-n55-1.pdf\" target=\"_blank\" rel=\"noopener\">1<\/a>, <a href=\"http:\/\/ppeees-cpan.ufms.br\/wp-content\/uploads\/2016\/06\/Revista-Brasileira-de-Estudos-Pedag\u00f3gicos-1954-n55-2.pdf\" target=\"_blank\" rel=\"noopener\">2<\/a>, <a href=\"http:\/\/ppeees-cpan.ufms.br\/wp-content\/uploads\/2016\/06\/Revista-Brasileira-de-Estudos-Pedag\u00f3gicos-1954-n55-3.pdf\" target=\"_blank\" rel=\"noopener\">3<\/a>, <a href=\"http:\/\/ppeees-cpan.ufms.br\/wp-content\/uploads\/2016\/06\/Revista-Brasileira-de-Estudos-Pedag\u00f3gicos-1954-n55-4.pdf\" target=\"_blank\" rel=\"noopener\">4<\/a>, <a href=\"http:\/\/ppeees-cpan.ufms.br\/wp-content\/uploads\/2016\/06\/Revista-Brasileira-de-Estudos-Pedag\u00f3gicos-1954-n55-5.pdf\" target=\"_blank\" rel=\"noopener\">5<\/a>, <a href=\"http:\/\/ppeees-cpan.ufms.br\/wp-content\/uploads\/2016\/06\/Revista-Brasileira-de-Estudos-Pedag\u00f3gicos-1954-n55-6.pdf\" target=\"_blank\" rel=\"noopener\">6<\/a>, <a href=\"http:\/\/ppeees-cpan.ufms.br\/wp-content\/uploads\/2016\/06\/Revista-Brasileira-de-Estudos-Pedag\u00f3gicos-1954-n55-7.pdf\" target=\"_blank\" rel=\"noopener\">7<\/a>, <a href=\"http:\/\/ppeees-cpan.ufms.br\/wp-content\/uploads\/2016\/06\/Revista-Brasileira-de-Estudos-Pedag\u00f3gicos-1954-n55-8.pdf\" target=\"_blank\" rel=\"noopener\">8<\/a>, <a href=\"http:\/\/ppeees-cpan.ufms.br\/wp-content\/uploads\/2016\/06\/Revista-Brasileira-de-Estudos-Pedag\u00f3gicos-1954-n55-9.pdf\" target=\"_blank\" rel=\"noopener\">9<\/a>, <a href=\"http:\/\/ppeees-cpan.ufms.br\/wp-content\/uploads\/2016\/06\/Revista-Brasileira-de-Estudos-Pedag\u00f3gicos-1954-n55-10.pdf\" target=\"_blank\" rel=\"noopener\">10<\/a>, <a href=\"http:\/\/ppeees-cpan.ufms.br\/wp-content\/uploads\/2016\/06\/Revista-Brasileira-de-Estudos-Pedag\u00f3gicos-1954-n55-11.pdf\" target=\"_blank\" rel=\"noopener\">11<\/a>, <a href=\"http:\/\/ppeees-cpan.ufms.br\/wp-content\/uploads\/2016\/06\/Revista-Brasileira-de-Estudos-Pedag\u00f3gicos-1954-n55-12.pdf\" target=\"_blank\" rel=\"noopener\">12<\/a>, <a href=\"http:\/\/ppeees-cpan.ufms.br\/wp-content\/uploads\/2016\/06\/Revista-Brasileira-de-Estudos-Pedag\u00f3gicos-1954-n55-13.pdf\" target=\"_blank\" rel=\"noopener\">13<\/a>, <a href=\"http:\/\/ppeees-cpan.ufms.br\/wp-content\/uploads\/2016\/06\/Revista-Brasileira-de-Estudos-Pedag\u00f3gicos-1954-n55-14.pdf\" target=\"_blank\" rel=\"noopener\">14<\/a>, <a href=\"http:\/\/ppeees-cpan.ufms.br\/wp-content\/uploads\/2016\/06\/Revista-Brasileira-de-Estudos-Pedag\u00f3gicos-1954-n55-15.pdf\" target=\"_blank\" rel=\"noopener\">15<\/a>, <a href=\"http:\/\/ppeees-cpan.ufms.br\/wp-content\/uploads\/2016\/06\/Revista-Brasileira-de-Estudos-Pedag\u00f3gicos-1954-n55-16.pdf\" target=\"_blank\" rel=\"noopener\">16<\/a>, <a href=\"http:\/\/ppeees-cpan.ufms.br\/wp-content\/uploads\/2016\/06\/Revista-Brasileira-de-Estudos-Pedag\u00f3gicos-1954-n55-17.pdf\" target=\"_blank\" rel=\"noopener\">17<\/a>, <a href=\"http:\/\/ppeees-cpan.ufms.br\/wp-content\/uploads\/2016\/06\/Revista-Brasileira-de-Estudos-Pedag\u00f3gicos-1954-n55-18.pdf\" target=\"_blank\" rel=\"noopener\">18<\/a><\/strong>.<\/p>\n","protected":false},"excerpt":{"rendered":"<p>ANTIPOFF, Helena. O problema dos retardados mentais na escola prim\u00e1ria e secund\u00e1ria. Educa\u00e7\u00e3o, Rio de Janeiro, n. 1, p. 1-8, 1953. Revista Brasileira de Estudos Pedag\u00f3gicos. O problema dos retardados mentais na escola prim\u00e1ria e secund\u00e1ria. 1954. n\u00b054. P\u00e1ginas: 1, 2, 3, 4, 5, 6, 7. Revista Brasileira de Estudos pedag\u00f3gicos. O problema dos cegos [&hellip;]<\/p>\n","protected":false},"author":3,"featured_media":0,"comment_status":"closed","ping_status":"open","sticky":false,"template":"","format":"standard","meta":[],"categories":[5,25],"tags":[],"_links":{"self":[{"href":"https:\/\/ppeees-cpan.ufms.br\/index.php?rest_route=\/wp\/v2\/posts\/686"}],"collection":[{"href":"https:\/\/ppeees-cpan.ufms.br\/index.php?rest_route=\/wp\/v2\/posts"}],"about":[{"href":"https:\/\/ppeees-cpan.ufms.br\/index.php?rest_route=\/wp\/v2\/types\/post"}],"author":[{"embeddable":true,"href":"https:\/\/ppeees-cpan.ufms.br\/index.php?rest_route=\/wp\/v2\/users\/3"}],"replies":[{"embeddable":true,"href":"https:\/\/ppeees-cpan.ufms.br\/index.php?rest_route=%2Fwp%2Fv2%2Fcomments&post=686"}],"version-history":[{"count":5,"href":"https:\/\/ppeees-cpan.ufms.br\/index.php?rest_route=\/wp\/v2\/posts\/686\/revisions"}],"predecessor-version":[{"id":1748,"href":"https:\/\/ppeees-cpan.ufms.br\/index.php?rest_route=\/wp\/v2\/posts\/686\/revisions\/1748"}],"wp:attachment":[{"href":"https:\/\/ppeees-cpan.ufms.br\/index.php?rest_route=%2Fwp%2Fv2%2Fmedia&parent=686"}],"wp:term":[{"taxonomy":"category","embeddable":true,"href":"https:\/\/ppeees-cpan.ufms.br\/index.php?rest_route=%2Fwp%2Fv2%2Fcategories&post=686"},{"taxonomy":"post_tag","embeddable":true,"href":"https:\/\/ppeees-cpan.ufms.br\/index.php?rest_route=%2Fwp%2Fv2%2Ftags&post=686"}],"curies":[{"name":"wp","href":"https:\/\/api.w.org\/{rel}","templated":true}]}}