{"id":87,"date":"2015-02-24T20:32:34","date_gmt":"2015-02-24T20:32:34","guid":{"rendered":"http:\/\/ppeees.ufms.br\/?p=87"},"modified":"2023-04-14T12:30:35","modified_gmt":"2023-04-14T12:30:35","slug":"livros-organizados-e-capitulos-de-livros","status":"publish","type":"post","link":"https:\/\/ppeees-cpan.ufms.br\/?p=87","title":{"rendered":"Livros organizados e cap\u00edtulos de livros"},"content":{"rendered":"<div><span style=\"color: #000000; font-family: arial,helvetica,sans-serif;\"><strong>Livros organizados<\/strong>:<\/span><\/div>\n<div><\/div>\n<div>\n<p>MELETTI, S. M. F. (Org.) ; KASSAR, M. C. M. (Org.) . Escolariza\u00e7\u00e3o de alunos com defici\u00eancias: desafios e possibilidades. 1. ed. Campinas: Mercado de Letras, 2013. v. 1. 291p .<\/p>\n<p>Silvia M\u00e1rcia Ferreira Meletti; Jos\u00e9 Geraldo Silveira Bueno. (Org.). Pol\u00edticas p\u00fablicas, escolariza\u00e7\u00e3o de alunos com defici\u00eancia e a pesquisa educacional. 1ed.Araraquara, SP: Junqueira e Marin, 2013, v. 1, p. 105-108.<\/p>\n<p>&nbsp;<\/p>\n<\/div>\n<div><strong>Cap\u00edtulo de livros<\/strong>:<\/div>\n<div><\/div>\n<div>\n<p>REBELO, A. S.; OLIVEIRA, A. D. ;\u00a0KASSAR, M. C. M.\u00a0. Pol\u00edtica de educa\u00e7\u00e3o especial na perspectiva da educa\u00e7\u00e3o inclusiva: an\u00e1lise do programa Direito \u00e0 Diversidade e seu impacto na forma\u00e7\u00e3o continuada de professores. In: Rosimar Bortolini Poker; Sandra Eli Sartoreto de Oliveira Martins; Claudia Regina Mosca Giroto. (Org.). <strong><a href=\"http:\/\/ppeees-cpan.ufms.br\/wp-content\/uploads\/2015\/02\/educacao-inclusiva_ebook.pdf\" target=\"_blank\" rel=\"noopener\">Educa\u00e7\u00e3o inclusiva: em foco a forma\u00e7\u00e3o de professores<\/a><\/strong>. 1ed. Mar\u00edlia: Oficina Universit\u00e1ria\/UNESP\/OBEDUC-CAPES, 2016, v. , p. 173-189.<\/p>\n<\/div>\n<div><\/div>\n<div>Kassar, M\u00f4nica de Carvalho Magalh\u00e3es\u00a0; SERAFIM, F. G. ; FRAN\u00c7OZO, R. V. . Desafios da implanta\u00e7\u00e3o de uma pol\u00edtica de educa\u00e7\u00e3o inclusiva em um contexto de diversidade. In: Ricardo Ribeiro. (Org.). Educa\u00e7\u00e3o Especial: olhar o presente para pensar o futuro. 1ed.Botucatu, SP: QuitAventura Livros; UNESP, 2014, v. 1, p. 40-56<\/div>\n<div><\/div>\n<div>\n<p>Kassar, M\u00f4nica de Carvalho Magalh\u00e3es\u00a0; REBELO, A. S. . O &#8220;especial&#8221; na educa\u00e7\u00e3o, o atendimento especializado e a educa\u00e7\u00e3o especial. In: Denise Meyrelles de Jesus; Claudio Roberto Baptista; K\u00e1tia Regina Moreno Caiado. (Org.). Pr\u00e1tica pedag\u00f3gica na educa\u00e7\u00e3o especial: multiplicidade do atendimento educacional especializado. 1ed.Araraquara, SP: Junqueira e Marin, 2013, v. 1, p. 21-42.<\/p>\n<p>KASSAR, M. C. M. . Pol\u00edtica de educa\u00e7\u00e3o especial no Brasil: escolha de caminhos. In: Enic\u00e9ia Gon\u00e7alves Mendes; Maria Am\u00e9lia Almeida. (Org.). A pesquisa sobre inclus\u00e3o escolar em suas m\u00faltiplas dimens\u00f5es: teoria, pol\u00edtica e forma\u00e7\u00e3o. 1ed.Mar\u00edlia, SP.: ABPEE, 2012, v. 1, p. 93-106.<\/p>\n<p>OLIVEIRA, A. D. ; KASSAR, M. C. M. ; COSTA, A.C.P. ;\u00a0GARCIA, E. S.\u00a0. Aspectos da forma\u00e7\u00e3o continuada em educa\u00e7\u00e3o especial: proposi\u00e7\u00f5es de um programa. In: Fabiany de C\u00e1ssia Tavares Silva; M\u00f4nica de Carvalho Magalh\u00e3es Kassar. (Org.). . Escrita da Pesquisa em Educa\u00e7\u00e3o na Regi\u00e3o Centro-Oeste.. 1ed.Campo Grande: Oeste, 2012, v. 1, p. 243-256.<\/p>\n<p>Kassar, M\u00f4nica de Carvalho Magalh\u00e3es\u00a0. Pol\u00edtica de Educa\u00e7\u00e3o Especial na perspectiva inclusiva e o atendimento educacional especializado. In: Lucia de Ara\u00fajo Ramos Martins; Gl\u00e1ucia Nascimento da Luz Pires; Jos\u00e9 Pires. (Org.). Inclus\u00e3o escolar e social: novos contextos, novos aportes.. 1ed.Natal, RN: EDUFRN, 2012, v. 1, p. 55-67.<\/p>\n<p>KASSAR, M. C. M. ;\u00a0GARCIA, E. S.\u00a0. Direito \u00e0 Diversidade: estudo de caso de um munic\u00edpio p\u00f3lo. In: Claudio Roberto Baptista; Denise Meyrelles de Jesus. (Org.). Avan\u00e7os em pol\u00edticas de inclus\u00e3o. 2ed.Porto Alegre: Media\u00e7\u00e3o, 2011, v. 1, p. 107-122.<\/p>\n<p>KASSAR, M. C. M. ; RODRIGUES, A.P.N. ; LEIJOTO, C.P. . Possibilidades e alcances dos processos de forma\u00e7\u00e3o continuada: um estudo de caso. In: Katia Regina Moreno Caiado; Denise Meyrelles de Jesus: Claudio Roberto Baptista. (Org.). Professores e Educa\u00e7\u00e3o Especial: forma\u00e7\u00e3o em foco. 1ed.Porto Alegre, RS: Media\u00e7\u00e3o, 2011, v. 1, p. 143-158.<\/p>\n<p>MACIEL, C. E. ; KASSAR, M. C. M. . Pol\u00edticas sociais, pol\u00edticas de inclus\u00e3o?. In: M\u00f4nica de Carvalho Magalh\u00e3es Kassar. (Org.). Di\u00e1logos com a diversidade: sentidos da inclus\u00e3o.. 1ed.Campinas, SP: Mercado de Letras, 2011, v. 1, p. 17-37.<\/p>\n<p>&nbsp;<\/p>\n<\/div>\n","protected":false},"excerpt":{"rendered":"<p>Livros organizados: MELETTI, S. M. F. (Org.) ; KASSAR, M. C. M. (Org.) . Escolariza\u00e7\u00e3o de alunos com defici\u00eancias: desafios e possibilidades. 1. ed. Campinas: Mercado de Letras, 2013. v. 1. 291p . Silvia M\u00e1rcia Ferreira Meletti; Jos\u00e9 Geraldo Silveira Bueno. (Org.). Pol\u00edticas p\u00fablicas, escolariza\u00e7\u00e3o de alunos com defici\u00eancia e a pesquisa educacional. 1ed.Araraquara, SP: [&hellip;]<\/p>\n","protected":false},"author":3,"featured_media":0,"comment_status":"closed","ping_status":"open","sticky":false,"template":"","format":"standard","meta":[],"categories":[17],"tags":[],"_links":{"self":[{"href":"https:\/\/ppeees-cpan.ufms.br\/index.php?rest_route=\/wp\/v2\/posts\/87"}],"collection":[{"href":"https:\/\/ppeees-cpan.ufms.br\/index.php?rest_route=\/wp\/v2\/posts"}],"about":[{"href":"https:\/\/ppeees-cpan.ufms.br\/index.php?rest_route=\/wp\/v2\/types\/post"}],"author":[{"embeddable":true,"href":"https:\/\/ppeees-cpan.ufms.br\/index.php?rest_route=\/wp\/v2\/users\/3"}],"replies":[{"embeddable":true,"href":"https:\/\/ppeees-cpan.ufms.br\/index.php?rest_route=%2Fwp%2Fv2%2Fcomments&post=87"}],"version-history":[{"count":9,"href":"https:\/\/ppeees-cpan.ufms.br\/index.php?rest_route=\/wp\/v2\/posts\/87\/revisions"}],"predecessor-version":[{"id":1766,"href":"https:\/\/ppeees-cpan.ufms.br\/index.php?rest_route=\/wp\/v2\/posts\/87\/revisions\/1766"}],"wp:attachment":[{"href":"https:\/\/ppeees-cpan.ufms.br\/index.php?rest_route=%2Fwp%2Fv2%2Fmedia&parent=87"}],"wp:term":[{"taxonomy":"category","embeddable":true,"href":"https:\/\/ppeees-cpan.ufms.br\/index.php?rest_route=%2Fwp%2Fv2%2Fcategories&post=87"},{"taxonomy":"post_tag","embeddable":true,"href":"https:\/\/ppeees-cpan.ufms.br\/index.php?rest_route=%2Fwp%2Fv2%2Ftags&post=87"}],"curies":[{"name":"wp","href":"https:\/\/api.w.org\/{rel}","templated":true}]}}