{"id":96,"date":"2015-02-24T21:05:36","date_gmt":"2015-02-24T21:05:36","guid":{"rendered":"http:\/\/ppeees.ufms.br\/?p=96"},"modified":"2023-04-14T12:30:23","modified_gmt":"2023-04-14T12:30:23","slug":"anais-de-eventos-ufmscpan","status":"publish","type":"post","link":"https:\/\/ppeees-cpan.ufms.br\/?p=96","title":{"rendered":"Textos em anais de eventos &#8211; UFMS\/CPAN"},"content":{"rendered":"<p><strong>2014<\/strong><\/p>\n<p><a href=\"http:\/\/ppeees-cpan.ufms.br\/wp-content\/uploads\/2015\/02\/Rebelo-2014-Sorocaba.pdf\" target=\"_blank\" rel=\"noopener\">REBELO, A. S. A sala de recursos entre os servi\u00e7os de educa\u00e7\u00e3o especial no Brasil. In: IV Encontro Interinstitucional de Pesquisa: Pol\u00edticas P\u00fablicas e escolariza\u00e7\u00e3o de alunos com defici\u00eancia, 2014, Sorocaba. Anais do IV Encontro Interinstitucional de Pesquisa: Pol\u00edticas P\u00fablicas e escolariza\u00e7\u00e3o de alunos com defici\u00eancia. Sorocaba: CAPES\/OBEDUC, 2014. p. 1-11.<\/a><\/p>\n<p><a href=\"http:\/\/ppeees-cpan.ufms.br\/wp-content\/uploads\/2015\/02\/andressa-rebelo-cbee-2014.pdf\" target=\"_blank\" rel=\"noopener\">REBELO, A. S. Notas sobre o Estado e a Educa\u00e7\u00e3o Especial no Brasil. In: VI Congresso Brasileiro de Educa\u00e7\u00e3o Especial e IX Encontro Nacional dos Pesquisadores da Educa\u00e7\u00e3o Especial, 2014, S\u00e3o Carlos. Anais do VI Congresso Brasileiro de Educa\u00e7\u00e3o Especial e IX Encontro Nacional dos Pesquisadores da Educa\u00e7\u00e3o Especial. S\u00e3o Carlos: UFSCar\/Abpee, 2014. v. 1. p. 1-14.<\/a><\/p>\n<p><a href=\"http:\/\/ppeees-cpan.ufms.br\/wp-content\/uploads\/2015\/03\/artigo-meu-ed..pdf\" target=\"_blank\" rel=\"noopener\">SOUZA, R. K. ; GARCIA, E. S. ; RIBEIRO, M. M. . Indicadores de matriculas de alunos com defici\u00eancia na educa\u00e7\u00e3o b\u00e1sica de tr\u00eas munic\u00edpios de Mato Grosso do Sul. In: IV Encontro Interinstitucional de Pesquisa Pol\u00edticas P\u00fablicas e escolariza\u00e7\u00e3o de Alunos com Defici\u00eancia, 2014, Sorocaba. IV Encontro Interinstitucional de Pesquisa Pol\u00edticas P\u00fablicas e escolariza\u00e7\u00e3o de Alunos com Defici\u00eancia, 2014. v. 1<\/a><\/p>\n<p><strong>2013<\/strong><\/p>\n<p><a href=\"http:\/\/congressopinandee2013.weebly.com\/uploads\/1\/6\/4\/6\/16461788\/doc7-textos_completos_5_-parte_ii_-_pp_2412_a_3185.pdf\" target=\"_blank\" rel=\"noopener\">KASSAR, M. C. M. ; SERAFIM, F. G. ; FRAN\u00c7OZO, R. V. . Desafios da implanta\u00e7\u00e3o de uma pol\u00edtica de educa\u00e7\u00e3o inclusiva em um contexto de diversidade. In: III Congresso Internacional Educa\u00e7\u00e3o Inclusiva e equidade, 2013, Almada, PT. Atas do III Congresso Internacional Educa\u00e7\u00e3o Inclusiva e Equidade, 2013. v. 5. p. 268-284.<\/a><\/p>\n<p><a href=\"http:\/\/36reuniao.anped.org.br\/pdfs_trabalhos_aprovados\/gt15_trabalhos_pdfs\/gt15_2592_texto.pdf\" target=\"_blank\" rel=\"noopener\">REBELO, A. S. A transmuta\u00e7\u00e3o do conceito de atendimento especializado na legisla\u00e7\u00e3o educacional brasileira (1988-2011). In: 36\u00aa Reuni\u00e3o Nacional da ANPEd, 2013, Goi\u00e2nia. Anais da 36\u00aa Reuni\u00e3o Nacional da ANPEd &#8211; Sistema Nacional de Educa\u00e7\u00e3o e Participa\u00e7\u00e3o Popular: Desafios para as Pol\u00edticas Educacionais. Goi\u00e2nia: UFG, 2013. p. 1-15.<\/a><\/p>\n<p><a href=\"http:\/\/ppeees-cpan.ufms.br\/wp-content\/uploads\/2015\/04\/gt15_2592_resumo.pdf\" target=\"_blank\" rel=\"noopener\">REBELO, A. S.\u00a0. A transmuta\u00e7\u00e3o do conceito de atendimento especializado na legisla\u00e7\u00e3o educacional brasileira (1988-2011). In: 36\u00aa Reuni\u00e3o Nacional da ANPEd, 2013, Goi\u00e2nia. Sistema Nacional de Educa\u00e7\u00e3o e Participa\u00e7\u00e3o Popular: desafios para as pol\u00edticas educacionais. Goi\u00e2nia: UFG, 2013. p. 157-157. (Resumo).<\/a><\/p>\n<p><a href=\"http:\/\/www.gpec.ucdb.br\/anpaems2013\/textos.pdf\" target=\"_blank\" rel=\"noopener\">REBELO, A. S. Indicadores de matr\u00edculas em atendimento educacional especializado no munic\u00edpio de Corumb\u00e1 (MS). In: V Encontro de Politicas e Pr\u00e1ticas de Forma\u00e7\u00e3o de Professores e I Semin\u00e1rio ANPAE\/MS, 2013, Campo Grande. Anais do V Encontro de Politicas e Pr\u00e1ticas de Forma\u00e7\u00e3o de Professores e I Semin\u00e1rio ANPAE\/MS. Campo Grande: UCDB\/UFMS\/UFGD, 2013. p. 82-96.<\/a><\/p>\n<p><a href=\"http:\/\/ppeees-cpan.ufms.br\/wp-content\/uploads\/2015\/03\/kerr-rondon-garcia.pdf\" target=\"_blank\" rel=\"noopener\">SOUZA, R. K. ; RONDON, M. M; GARCIA, E. S. Defici\u00eancia intelectual e fracasso escolar: um novo olhar sobre a defici\u00eancia e patologiza\u00e7\u00e3o. In: VI Congresso Brasileiro de Educa\u00e7\u00e3o Especial e IX Encontro Nacional dos Pesquisadores da Educa\u00e7\u00e3o Especial, 2014, S\u00e3o Carlos- SP. 6 Congresso Brasileiro de Educa\u00e7\u00e3o Especial, 2014. v. 1. p. 1-1<\/a>7<\/p>\n<p><strong>2012<\/strong><\/p>\n<p><a href=\"http:\/\/ppeees-cpan.ufms.br\/wp-content\/uploads\/2015\/02\/correa-rebelo-cbee-2012.pdf\" target=\"_blank\" rel=\"noopener\">CORREA, N. M. ; REBELO, A. S. Indicadores do Atendimento Educacional Especializado e da pol\u00edtica de distribui\u00e7\u00e3o de salas de recursos multifuncionais na regi\u00e3o Centro-Oeste: o caso de Mato Grosso do Sul. In: V Congresso Brasileiro de Educa\u00e7\u00e3o Especial e VII Encontro Nacional dos Pesquisadores da Educa\u00e7\u00e3o Especial, 2012, S\u00e3o Carlos. Anais do V Congresso Brasileiro de Educa\u00e7\u00e3o Especial e VII Encontro Nacional dos Pesquisadores da Educa\u00e7\u00e3o Especial. S\u00e3o Carlos: Abpee\/CAPES\/CNPq\/FAPESP\/PPGEEs\/UFSCar, 2012. p. 854-869.<\/a><\/p>\n<p><a href=\"http:\/\/ppeees-cpan.ufms.br\/wp-content\/uploads\/2015\/02\/nesdete-andressa-anped-co.pdf\" target=\"_blank\" rel=\"noopener\">CORREA, N. M. ; REBELO, A. S. Notas de an\u00e1lises de indicadores do Atendimento Educacional Especializado e da pol\u00edtica de distribui\u00e7\u00e3o de salas de recursos multifuncionais. In: XI Encontro de Pesquisa em Educa\u00e7\u00e3o da ANPEd-CO, 2012, Corumb\u00e1. Anais do XI Encontro de Pesquisa em Educa\u00e7\u00e3o da ANPEd-CO. Corumb\u00e1: UFMS, 2012. p. 1-14.<\/a><\/p>\n<p><a href=\"http:\/\/ppeees-cpan.ufms.br\/wp-content\/uploads\/2015\/02\/rebelo-cbee-2012.pdf\" target=\"_blank\" rel=\"noopener\">REBELO, A. S. Indicadores Educacionais de matr\u00edculas em Atendimento Educacional Especializado no Brasil (2009-2010). In: V Congresso Brasileiro de Educa\u00e7\u00e3o Especial e VII Encontro Nacional dos Pesquisadores da Educa\u00e7\u00e3o Especial, 2012, S\u00e3o Carlos. Anais do V Congresso Brasileiro de Educa\u00e7\u00e3o Especial e VII Encontro Nacional dos Pesquisadores da Educa\u00e7\u00e3o Especial. S\u00e3o Carlos: Abpee\/CAPES\/CNPq\/FAPESP\/PPGEEs\/UFSCar, 2012. p. 730-747.<\/a><\/p>\n<p><a href=\"http:\/\/ppeees-cpan.ufms.br\/wp-content\/uploads\/2015\/02\/Rebelo-Anped-co.pdf\" target=\"_blank\" rel=\"noopener\">REBELO, A. S. O Programa de Implanta\u00e7\u00e3o de Salas de Recursos Multifuncionais: indicadores e aspectos operacionais. In: XI Encontro de Pesquisa em Educa\u00e7\u00e3o da ANPEd-CO, 2012, Corumb\u00e1. Anais do XI Encontro de Pesquisa em Educa\u00e7\u00e3o da ANPEd-CO. Corumb\u00e1: UFMS, 2012. p. 1-13.<\/a><\/p>\n<p><a href=\"http:\/\/ppeees-cpan.ufms.br\/wp-content\/uploads\/2015\/02\/artigo-milene-edelir.pdf\" target=\"_blank\" rel=\"noopener\">RIBEIRO, M. M. ; GARCIA, E. S. . Pol\u00edticas Educacionais e a Inclus\u00e3o de alunos com defici\u00eancia intelectual no ensino regular.. In: V CBEE Congresso Brasileiro de Educa\u00e7\u00e3o Especial, 2012, S\u00e3o Carlos. VII Encontro Nacional dos Pesquisadores da Educa\u00e7\u00e3o Especial, 2012.<\/a><\/p>\n<p><a href=\"http:\/\/ppeees-cpan.ufms.br\/wp-content\/uploads\/2015\/03\/trabalho-de-S\u00c3\u00a3o-Carlos.pdf\" target=\"_blank\" rel=\"noopener\">SOUZA, R. K. ; OKIMASU, S. T.; SOUZA, R. A.;\u00a0GARCIA, E. S.. Indicadores da Educa\u00e7\u00e3o inclusiva: atendimento e escolariza\u00e7\u00e3o do aluno com defici\u00eancia. In: V Congresso Brasileiro de Educa\u00e7\u00e3o Especial e VII Encontro Nacional dos Pesquisadores da Educa\u00e7\u00e3o Especial, 2012, S\u00e3o Carlos &#8211; SP. V Congresso Brasileiro de Educa\u00e7\u00e3o Especial e VII Encontro Nacional dos Pesquisadores da Educa\u00e7\u00e3o Especial. S\u00e3o Carlos: Edufscar, 2012. v. 1.<\/a><\/p>\n<p><strong>2011<\/strong><\/p>\n<p><a href=\"http:\/\/ppeees-cpan.ufms.br\/wp-content\/uploads\/2015\/02\/M\u00f4nica-Kassar-E-Andressa-Rebelo-SNPEE.pdf\" target=\"_blank\" rel=\"noopener\">KASSAR, M. C. M. ; REBELO, A. S. . O &#8216;especial&#8217; na educa\u00e7\u00e3o, o Atendimento Especializado e a Educa\u00e7\u00e3o Especial. In: VI Semin\u00e1rio Nacional de Pesquisa em Educa\u00e7\u00e3o Especial, 2011, Vit\u00f3ria. Anais do VI Semin\u00e1rio Nacional de Pesquisa em Educa\u00e7\u00e3o Especial &#8211; Pr\u00e1tica Pedag\u00f3gica na Educa\u00e7\u00e3o Especial: multiplicidade do atendimento educacional especializado. Nova Almeida: UFES, UFRGS e UFSCar, 2011. p. 1-17.<\/a><\/p>\n<p><a href=\"http:\/\/www.uel.br\/eventos\/congressomultidisciplinar\/pages\/arquivos\/anais\/2011\/politicas\/314-2011.pdf\" target=\"_blank\" rel=\"noopener\">REBELO, A. S. O atendimento educacional especializado no Brasil: uma an\u00e1lise dos indicadores educacionais. In: VI Congresso Brasileiro Multidisciplinar de Educa\u00e7\u00e3o Especial e VII Encontro da Associa\u00e7\u00e3o Brasileira de Pesquisadores em Educa\u00e7\u00e3o Especial, 2011, Londrina. Anais do VI Congresso Brasileiro Multidisciplinar de Educa\u00e7\u00e3o Especial e VII Encontro da Associa\u00e7\u00e3o Brasileira de Pesquisadores em Educa\u00e7\u00e3o Especial. Londrina: UEL, 2011. p. 3400-3412.<\/a><\/p>\n<p><a href=\"http:\/\/ppeees-cpan.ufms.br\/wp-content\/uploads\/2015\/03\/GT2_07.pdf\" target=\"_blank\" rel=\"noopener\">SOUZA, R. K.\u00a0. A vis\u00e3o dos professores da rede municipal de ensino sobre o processo de escolariza\u00e7\u00e3o do aluno com defici\u00eancia. In: IV Encontro de Pol\u00edticas e Pr\u00e1ticas de Forma\u00e7\u00e3o de Professores e I Congresso de Educa\u00e7\u00e3o do CPAN, 2011, Corumb\u00e1. IV Encontro de Pol\u00edticas e Pr\u00e1ticas de Forma\u00e7\u00e3o de Professores e I Congresso de Educa\u00e7\u00e3o do CPAN. Campo Grande: UFMS, 2011. v. 1.<\/a><\/p>\n<p><strong>2010<\/strong><\/p>\n<p><a href=\"http:\/\/ppeees-cpan.ufms.br\/wp-content\/uploads\/2015\/02\/A-diversidade-e-a-diferen\u00e7a-nos-curr\u00edculos-de-escolas-inclusivas.pdf\" target=\"_blank\" rel=\"noopener\"><span><span>KASSAR, M.C.M.; LOBO, J. A. A diversidade e a diferen\u00e7a nos curr\u00edculos de escolas inclusivas. In: IX Col\u00f3quio sobre quest\u00f5es curriculares e V Col\u00f3quio Luso Brasileiro, 2010, Porto, PT. Debater o Curr\u00edculo e seus campos. Actas do IX Col\u00f3quio sobre Quest\u00f5es Curriculares\/V Col\u00f3quio Luso-Brasileiro. Porto, PT: Centro de Investiga\u00e7\u00e3o e Interven\u00e7\u00e3o Educativas e Instituto de Educa\u00e7\u00e3o U. Minho, 2010. v. 1. p. 388-403.<\/span><\/span><\/a><\/p>\n<p><a href=\"http:\/\/ppeees-cpan.ufms.br\/wp-content\/uploads\/2015\/02\/IV-CBEE-correa-lobo-oliveira-rebelo.pdf\" target=\"_blank\" rel=\"noopener\">CORREA, N. M.; LOBO, J. A. ; \u00a0OLIVEIRA, A. D. ; REBELO, A. S. Abordagens de Pesquisas em Educa\u00e7\u00e3o Especial no \u00e2mbito das Pol\u00edticas de Educa\u00e7\u00e3o Inclusiva. In: I Encontro Interinstitucional de Pesquisa: Pol\u00edticas P\u00fablicas e Escolariza\u00e7\u00e3o de Alunos com Defici\u00eancia, 2010, Londrina. Anais do I Encontro Interinstitucional de Pesquisa: Pol\u00edticas P\u00fablicas e Escolariza\u00e7\u00e3o de Alunos com Defici\u00eancia, 2010. p. 1-16.<\/a><\/p>\n<p>&nbsp;<\/p>\n","protected":false},"excerpt":{"rendered":"<p>2014 REBELO, A. S. A sala de recursos entre os servi\u00e7os de educa\u00e7\u00e3o especial no Brasil. In: IV Encontro Interinstitucional de Pesquisa: Pol\u00edticas P\u00fablicas e escolariza\u00e7\u00e3o de alunos com defici\u00eancia, 2014, Sorocaba. Anais do IV Encontro Interinstitucional de Pesquisa: Pol\u00edticas P\u00fablicas e escolariza\u00e7\u00e3o de alunos com defici\u00eancia. Sorocaba: CAPES\/OBEDUC, 2014. p. 1-11. REBELO, A. S. [&hellip;]<\/p>\n","protected":false},"author":3,"featured_media":0,"comment_status":"closed","ping_status":"open","sticky":false,"template":"","format":"standard","meta":[],"categories":[3,21],"tags":[],"_links":{"self":[{"href":"https:\/\/ppeees-cpan.ufms.br\/index.php?rest_route=\/wp\/v2\/posts\/96"}],"collection":[{"href":"https:\/\/ppeees-cpan.ufms.br\/index.php?rest_route=\/wp\/v2\/posts"}],"about":[{"href":"https:\/\/ppeees-cpan.ufms.br\/index.php?rest_route=\/wp\/v2\/types\/post"}],"author":[{"embeddable":true,"href":"https:\/\/ppeees-cpan.ufms.br\/index.php?rest_route=\/wp\/v2\/users\/3"}],"replies":[{"embeddable":true,"href":"https:\/\/ppeees-cpan.ufms.br\/index.php?rest_route=%2Fwp%2Fv2%2Fcomments&post=96"}],"version-history":[{"count":38,"href":"https:\/\/ppeees-cpan.ufms.br\/index.php?rest_route=\/wp\/v2\/posts\/96\/revisions"}],"predecessor-version":[{"id":1776,"href":"https:\/\/ppeees-cpan.ufms.br\/index.php?rest_route=\/wp\/v2\/posts\/96\/revisions\/1776"}],"wp:attachment":[{"href":"https:\/\/ppeees-cpan.ufms.br\/index.php?rest_route=%2Fwp%2Fv2%2Fmedia&parent=96"}],"wp:term":[{"taxonomy":"category","embeddable":true,"href":"https:\/\/ppeees-cpan.ufms.br\/index.php?rest_route=%2Fwp%2Fv2%2Fcategories&post=96"},{"taxonomy":"post_tag","embeddable":true,"href":"https:\/\/ppeees-cpan.ufms.br\/index.php?rest_route=%2Fwp%2Fv2%2Ftags&post=96"}],"curies":[{"name":"wp","href":"https:\/\/api.w.org\/{rel}","templated":true}]}}